{"id":15588,"date":"2023-08-28T21:35:00","date_gmt":"2023-08-29T01:35:00","guid":{"rendered":"https:\/\/www.radiosanctispiritus.cu\/es\/?p=15588"},"modified":"2023-08-28T21:37:09","modified_gmt":"2023-08-29T01:37:09","slug":"cruzada-teatral-por-la-ruta-del-che-despide-con-satisfaccion-el-verano","status":"publish","type":"post","link":"https:\/\/www.radiosanctispiritus.cu\/es\/cruzada-teatral-por-la-ruta-del-che-despide-con-satisfaccion-el-verano\/","title":{"rendered":"Cruzada teatral Por la Ruta del Che despide con satisfacci\u00f3n el verano"},"content":{"rendered":"<p>La XXIX Cruzada teatral Por la Ruta del Che se despidi\u00f3 con la satisfacci\u00f3n de haber regalado 157 presentaciones entre barrios y comunidades y m\u00e1s de 14 mil 600 asistentes.<\/p>\n<audio class=\"wp-audio-shortcode\" id=\"audio-15588-1\" preload=\"none\" style=\"width: 100%;\" controls=\"controls\"><source type=\"audio\/mpeg\" src=\"https:\/\/www.ivoox.com\/lisandra-al-dia-28-8-23_md_115009128_wp_1.mp3?_=1\" \/><a href=\"https:\/\/www.ivoox.com\/lisandra-al-dia-28-8-23_md_115009128_wp_1.mp3\" target=\"_blank\" rel=\"noopener\">https:\/\/www.ivoox.com\/lisandra-al-dia-28-8-23_md_115009128_wp_1.mp3<\/a><\/audio>\n<p>&nbsp;<\/p>\n","protected":false},"excerpt":{"rendered":"<p>La XXIX Cruzada teatral Por la Ruta del Che se despidi\u00f3 con la satisfacci\u00f3n de haber regalado 157 presentaciones entre barrios y comunidades y m\u00e1s de 14 mil 600 asistentes.<\/p>\n","protected":false},"author":12,"featured_media":15590,"comment_status":"open","ping_status":"open","sticky":false,"template":"","format":"standard","meta":{"_acf_changed":false,"footnotes":""},"categories":[6,9,8],"tags":[443,899],"coauthors":[],"class_list":["post-15588","post","type-post","status-publish","format-standard","has-post-thumbnail","hentry","category-cultura","category-en-audio","category-noticia","tag-artes-escenicas","tag-cruzada-teatral"],"acf":[],"_links":{"self":[{"href":"https:\/\/www.radiosanctispiritus.cu\/es\/wp-json\/wp\/v2\/posts\/15588","targetHints":{"allow":["GET"]}}],"collection":[{"href":"https:\/\/www.radiosanctispiritus.cu\/es\/wp-json\/wp\/v2\/posts"}],"about":[{"href":"https:\/\/www.radiosanctispiritus.cu\/es\/wp-json\/wp\/v2\/types\/post"}],"author":[{"embeddable":true,"href":"https:\/\/www.radiosanctispiritus.cu\/es\/wp-json\/wp\/v2\/users\/12"}],"replies":[{"embeddable":true,"href":"https:\/\/www.radiosanctispiritus.cu\/es\/wp-json\/wp\/v2\/comments?post=15588"}],"version-history":[{"count":0,"href":"https:\/\/www.radiosanctispiritus.cu\/es\/wp-json\/wp\/v2\/posts\/15588\/revisions"}],"wp:featuredmedia":[{"embeddable":true,"href":"https:\/\/www.radiosanctispiritus.cu\/es\/wp-json\/wp\/v2\/media\/15590"}],"wp:attachment":[{"href":"https:\/\/www.radiosanctispiritus.cu\/es\/wp-json\/wp\/v2\/media?parent=15588"}],"wp:term":[{"taxonomy":"category","embeddable":true,"href":"https:\/\/www.radiosanctispiritus.cu\/es\/wp-json\/wp\/v2\/categories?post=15588"},{"taxonomy":"post_tag","embeddable":true,"href":"https:\/\/www.radiosanctispiritus.cu\/es\/wp-json\/wp\/v2\/tags?post=15588"},{"taxonomy":"author","embeddable":true,"href":"https:\/\/www.radiosanctispiritus.cu\/es\/wp-json\/wp\/v2\/coauthors?post=15588"}],"curies":[{"name":"wp","href":"https:\/\/api.w.org\/{rel}","templated":true}]}}