{"id":15356,"date":"2023-08-22T21:50:22","date_gmt":"2023-08-23T01:50:22","guid":{"rendered":"https:\/\/www.radiosanctispiritus.cu\/es\/?p=15356"},"modified":"2023-08-22T21:50:22","modified_gmt":"2023-08-23T01:50:22","slug":"otorgan-premio-poeta-de-dos-hemisferios-2023-a-silvio-rodriguez","status":"publish","type":"post","link":"https:\/\/www.radiosanctispiritus.cu\/es\/otorgan-premio-poeta-de-dos-hemisferios-2023-a-silvio-rodriguez\/","title":{"rendered":"Otorgan premio Poeta de dos Hemisferios 2023 a Silvio Rodr\u00edguez"},"content":{"rendered":"<p>La XV edici\u00f3n del Encuentro Internacional de Poetas en Ecuador \u00abPoes\u00eda en Paralelo Cero\u00bb anunci\u00f3 la decisi\u00f3n de conferir el premio Poeta de dos Hemisferios 2023 al trovador cubano Silvio Rodr\u00edguez Dom\u00ednguez.<\/p>\n<p>Seg\u00fan dio a conocer el artista en su p\u00e1gina de Facebook (El zurr\u00f3n del aprendiz), la directiva del festival har\u00e1 la entrega en La Habana en el mes de octubre, junto a una delegaci\u00f3n de poetas y escritores hispanoamericanos que participar\u00e1n en lecturas en homenaje al cantautor.<\/p>\n<p>En la ocasi\u00f3n, que servir\u00e1 para celebrar tambi\u00e9n los 15 a\u00f1os de \u00abParalelo Cero\u00bb, se realizar\u00e1 la presentaci\u00f3n del libro \u00abLetras de Silvio\u00bb, una antolog\u00eda personal publicada en la colecci\u00f3n Monstruos.<\/p>\n<p>El premio Poeta de dos Hemisferios ha sido otorgado anteriormente a voces imprescindibles como la del argentino Juan Gelman, los espa\u00f1oles Luis Eduardo Aute y Antonio Gamoneda y la estadounidense Margaret Randall.<\/p>\n<p>Silvio Rodr\u00edguez Dom\u00ednguez (1946) es fundador del Movimiento de la Nueva Trova y uno de sus m\u00e1ximos exponentes.<\/p>\n<p>En 1970 fue uno de los fundadores del Grupo de Experimentaci\u00f3n Sonora del Instituto Cubano de Arte e Industria Cinematogr\u00e1ficos (Icaic).<\/p>\n<p>Poseedor de una amplia discograf\u00eda, ha compuesto m\u00fasica y letra de m\u00e1s de 800 canciones y musicalizado filmes, videos y teleseries.<\/p>\n<p>Sus canciones han sido traducidas al franc\u00e9s, italiano, alem\u00e1n, ingl\u00e9s, portugu\u00e9s, guaran\u00ed, ruso, chino, japon\u00e9s, coreano, sueco y catal\u00e1n.<\/p>\n<p>Ha sido merecedor de importantes condecoraciones en Cuba y en el extranjero, y desde 1997 es Artista Unesco por la Paz.<\/p>\n","protected":false},"excerpt":{"rendered":"<p>La XV edici\u00f3n del Encuentro Internacional de Poetas en Ecuador \u00abPoes\u00eda en Paralelo Cero\u00bb anunci\u00f3 la decisi\u00f3n de conferir el premio Poeta de dos Hemisferios 2023 al trovador cubano Silvio Rodr\u00edguez Dom\u00ednguez.<\/p>\n","protected":false},"author":123,"featured_media":15357,"comment_status":"open","ping_status":"open","sticky":false,"template":"","format":"standard","meta":{"_acf_changed":false,"footnotes":""},"categories":[6,8],"tags":[265,952],"coauthors":[],"class_list":["post-15356","post","type-post","status-publish","format-standard","has-post-thumbnail","hentry","category-cultura","category-noticia","tag-cultura-cubana","tag-silvio-rodriguez"],"acf":[],"_links":{"self":[{"href":"https:\/\/www.radiosanctispiritus.cu\/es\/wp-json\/wp\/v2\/posts\/15356","targetHints":{"allow":["GET"]}}],"collection":[{"href":"https:\/\/www.radiosanctispiritus.cu\/es\/wp-json\/wp\/v2\/posts"}],"about":[{"href":"https:\/\/www.radiosanctispiritus.cu\/es\/wp-json\/wp\/v2\/types\/post"}],"author":[{"embeddable":true,"href":"https:\/\/www.radiosanctispiritus.cu\/es\/wp-json\/wp\/v2\/users\/123"}],"replies":[{"embeddable":true,"href":"https:\/\/www.radiosanctispiritus.cu\/es\/wp-json\/wp\/v2\/comments?post=15356"}],"version-history":[{"count":0,"href":"https:\/\/www.radiosanctispiritus.cu\/es\/wp-json\/wp\/v2\/posts\/15356\/revisions"}],"wp:featuredmedia":[{"embeddable":true,"href":"https:\/\/www.radiosanctispiritus.cu\/es\/wp-json\/wp\/v2\/media\/15357"}],"wp:attachment":[{"href":"https:\/\/www.radiosanctispiritus.cu\/es\/wp-json\/wp\/v2\/media?parent=15356"}],"wp:term":[{"taxonomy":"category","embeddable":true,"href":"https:\/\/www.radiosanctispiritus.cu\/es\/wp-json\/wp\/v2\/categories?post=15356"},{"taxonomy":"post_tag","embeddable":true,"href":"https:\/\/www.radiosanctispiritus.cu\/es\/wp-json\/wp\/v2\/tags?post=15356"},{"taxonomy":"author","embeddable":true,"href":"https:\/\/www.radiosanctispiritus.cu\/es\/wp-json\/wp\/v2\/coauthors?post=15356"}],"curies":[{"name":"wp","href":"https:\/\/api.w.org\/{rel}","templated":true}]}}