{"id":15228,"date":"2023-08-17T19:40:04","date_gmt":"2023-08-17T23:40:04","guid":{"rendered":"https:\/\/www.radiosanctispiritus.cu\/es\/?p=15228"},"modified":"2023-08-17T19:40:04","modified_gmt":"2023-08-17T23:40:04","slug":"casilda-vive-fiesta-tradicional-maritima-de-santa-elena","status":"publish","type":"post","link":"https:\/\/www.radiosanctispiritus.cu\/es\/casilda-vive-fiesta-tradicional-maritima-de-santa-elena\/","title":{"rendered":"Casilda vive fiesta tradicional mar\u00edtima de Santa Elena"},"content":{"rendered":"<p>El jolgorio se mezcla de salitre y sol en la comunidad costera de Casilda, donde inici\u00f3 la fiesta tradicional mar\u00edtima de Santa Elena, que esta vez se extender\u00e1 hasta el s\u00e1bado 19 de agosto para animar el divertimento de lugare\u00f1os y visitantes en este verano con amor.<\/p>\n<audio class=\"wp-audio-shortcode\" id=\"audio-15228-1\" preload=\"none\" style=\"width: 100%;\" controls=\"controls\"><source type=\"audio\/mpeg\" src=\"https:\/\/www.ivoox.com\/juan-carlos-naranjo-al-dia-17-8-23_md_114474296_wp_1.mp3?_=1\" \/><a href=\"https:\/\/www.ivoox.com\/juan-carlos-naranjo-al-dia-17-8-23_md_114474296_wp_1.mp3\" target=\"_blank\" rel=\"noopener\">https:\/\/www.ivoox.com\/juan-carlos-naranjo-al-dia-17-8-23_md_114474296_wp_1.mp3<\/a><\/audio>\n<p>&nbsp;<\/p>\n","protected":false},"excerpt":{"rendered":"<p>El jolgorio se mezcla de salitre y sol en la comunidad costera de Casilda, donde inici\u00f3 la fiesta tradicional mar\u00edtima de Santa Elena, que esta vez se extender\u00e1 hasta el s\u00e1bado 19 de agosto para animar el divertimento de lugare\u00f1os y visitantes en este verano con amor.<\/p>\n","protected":false},"author":145,"featured_media":15187,"comment_status":"open","ping_status":"open","sticky":false,"template":"","format":"standard","meta":{"_acf_changed":false,"footnotes":""},"categories":[9,8,1],"tags":[719,54],"coauthors":[],"class_list":["post-15228","post","type-post","status-publish","format-standard","has-post-thumbnail","hentry","category-en-audio","category-noticia","category-sancti-spiritus","tag-casilda","tag-trinidad-de-cuba"],"acf":[],"_links":{"self":[{"href":"https:\/\/www.radiosanctispiritus.cu\/es\/wp-json\/wp\/v2\/posts\/15228","targetHints":{"allow":["GET"]}}],"collection":[{"href":"https:\/\/www.radiosanctispiritus.cu\/es\/wp-json\/wp\/v2\/posts"}],"about":[{"href":"https:\/\/www.radiosanctispiritus.cu\/es\/wp-json\/wp\/v2\/types\/post"}],"author":[{"embeddable":true,"href":"https:\/\/www.radiosanctispiritus.cu\/es\/wp-json\/wp\/v2\/users\/145"}],"replies":[{"embeddable":true,"href":"https:\/\/www.radiosanctispiritus.cu\/es\/wp-json\/wp\/v2\/comments?post=15228"}],"version-history":[{"count":0,"href":"https:\/\/www.radiosanctispiritus.cu\/es\/wp-json\/wp\/v2\/posts\/15228\/revisions"}],"wp:featuredmedia":[{"embeddable":true,"href":"https:\/\/www.radiosanctispiritus.cu\/es\/wp-json\/wp\/v2\/media\/15187"}],"wp:attachment":[{"href":"https:\/\/www.radiosanctispiritus.cu\/es\/wp-json\/wp\/v2\/media?parent=15228"}],"wp:term":[{"taxonomy":"category","embeddable":true,"href":"https:\/\/www.radiosanctispiritus.cu\/es\/wp-json\/wp\/v2\/categories?post=15228"},{"taxonomy":"post_tag","embeddable":true,"href":"https:\/\/www.radiosanctispiritus.cu\/es\/wp-json\/wp\/v2\/tags?post=15228"},{"taxonomy":"author","embeddable":true,"href":"https:\/\/www.radiosanctispiritus.cu\/es\/wp-json\/wp\/v2\/coauthors?post=15228"}],"curies":[{"name":"wp","href":"https:\/\/api.w.org\/{rel}","templated":true}]}}