{"id":15225,"date":"2023-08-17T19:30:49","date_gmt":"2023-08-17T23:30:49","guid":{"rendered":"https:\/\/www.radiosanctispiritus.cu\/es\/?p=15225"},"modified":"2023-08-17T19:30:49","modified_gmt":"2023-08-17T23:30:49","slug":"registra-sancti-spiritus-alta-incidencia-de-enfermedades-diarreicas-y-de-hepatitis-a","status":"publish","type":"post","link":"https:\/\/www.radiosanctispiritus.cu\/es\/registra-sancti-spiritus-alta-incidencia-de-enfermedades-diarreicas-y-de-hepatitis-a\/","title":{"rendered":"Registra Sancti Sp\u00edritus alta incidencia de enfermedades diarreicas y de hepatitis A"},"content":{"rendered":"<p>Sancti Sp\u00edritus notifica una situaci\u00f3n epidemiol\u00f3gica compleja debido a la alta incidencia de las enfermedades diarreicas y de la hepatitis A, aunque el n\u00famero de casos de ambas afecciones evidencia una disminuci\u00f3n durante el presente mes de agosto.<\/p>\n<audio class=\"wp-audio-shortcode\" id=\"audio-15225-1\" preload=\"none\" style=\"width: 100%;\" controls=\"controls\"><source type=\"audio\/mpeg\" src=\"https:\/\/www.ivoox.com\/arelys-al-dia-17-8-23_md_114474280_wp_1.mp3?_=1\" \/><a href=\"https:\/\/www.ivoox.com\/arelys-al-dia-17-8-23_md_114474280_wp_1.mp3\" target=\"_blank\" rel=\"noopener\">https:\/\/www.ivoox.com\/arelys-al-dia-17-8-23_md_114474280_wp_1.mp3<\/a><\/audio>\n<p>&nbsp;<\/p>\n","protected":false},"excerpt":{"rendered":"<p>Sancti Sp\u00edritus notifica una situaci\u00f3n epidemiol\u00f3gica compleja debido a la alta incidencia de las enfermedades diarreicas y de la hepatitis A, aunque el n\u00famero de casos de ambas afecciones evidencia una disminuci\u00f3n durante el presente mes de agosto.<\/p>\n","protected":false},"author":10,"featured_media":15226,"comment_status":"open","ping_status":"open","sticky":false,"template":"","format":"standard","meta":{"_acf_changed":false,"footnotes":""},"categories":[9,8,5,1],"tags":[82,944,945,943,24],"coauthors":[],"class_list":["post-15225","post","type-post","status-publish","format-standard","has-post-thumbnail","hentry","category-en-audio","category-noticia","category-salud","category-sancti-spiritus","tag-dengue","tag-epidemiologia","tag-hepatitis","tag-higiene","tag-salud"],"acf":[],"_links":{"self":[{"href":"https:\/\/www.radiosanctispiritus.cu\/es\/wp-json\/wp\/v2\/posts\/15225","targetHints":{"allow":["GET"]}}],"collection":[{"href":"https:\/\/www.radiosanctispiritus.cu\/es\/wp-json\/wp\/v2\/posts"}],"about":[{"href":"https:\/\/www.radiosanctispiritus.cu\/es\/wp-json\/wp\/v2\/types\/post"}],"author":[{"embeddable":true,"href":"https:\/\/www.radiosanctispiritus.cu\/es\/wp-json\/wp\/v2\/users\/10"}],"replies":[{"embeddable":true,"href":"https:\/\/www.radiosanctispiritus.cu\/es\/wp-json\/wp\/v2\/comments?post=15225"}],"version-history":[{"count":0,"href":"https:\/\/www.radiosanctispiritus.cu\/es\/wp-json\/wp\/v2\/posts\/15225\/revisions"}],"wp:featuredmedia":[{"embeddable":true,"href":"https:\/\/www.radiosanctispiritus.cu\/es\/wp-json\/wp\/v2\/media\/15226"}],"wp:attachment":[{"href":"https:\/\/www.radiosanctispiritus.cu\/es\/wp-json\/wp\/v2\/media?parent=15225"}],"wp:term":[{"taxonomy":"category","embeddable":true,"href":"https:\/\/www.radiosanctispiritus.cu\/es\/wp-json\/wp\/v2\/categories?post=15225"},{"taxonomy":"post_tag","embeddable":true,"href":"https:\/\/www.radiosanctispiritus.cu\/es\/wp-json\/wp\/v2\/tags?post=15225"},{"taxonomy":"author","embeddable":true,"href":"https:\/\/www.radiosanctispiritus.cu\/es\/wp-json\/wp\/v2\/coauthors?post=15225"}],"curies":[{"name":"wp","href":"https:\/\/api.w.org\/{rel}","templated":true}]}}