{"id":15026,"date":"2023-08-10T20:36:51","date_gmt":"2023-08-11T00:36:51","guid":{"rendered":"https:\/\/www.radiosanctispiritus.cu\/es\/?p=15026"},"modified":"2023-08-10T20:36:51","modified_gmt":"2023-08-11T00:36:51","slug":"intercambia-diaz-canel-con-diosdado-cabello","status":"publish","type":"post","link":"https:\/\/www.radiosanctispiritus.cu\/es\/intercambia-diaz-canel-con-diosdado-cabello\/","title":{"rendered":"Intercambia D\u00edaz-Canel con Diosdado Cabello"},"content":{"rendered":"<p>Miguel D\u00edaz-Canel Berm\u00fadez, Primer Secretario del Comit\u00e9 Central del Partido Comunista de Cuba (PCC) y Presidente de la Rep\u00fablica, sostuvo este jueves un encuentro con Diosdado Cabello Rond\u00f3n, primer vicepresidente del Partido Socialista Unido de Venezuela (PSUV), quien realiza una visita a Cuba al frente de una delegaci\u00f3n partidista.<\/p>\n<p>Siempre juntas Cuba y Venezuela, se\u00f1al\u00f3 el Jefe de Estado al iniciar el di\u00e1logo, seg\u00fan rese\u00f1\u00f3 la cuenta en Twitter de la Presidencia.<\/p>\n<p>\u00abSiempre juntas <a href=\"https:\/\/twitter.com\/hashtag\/Cuba?src=hashtag_click\" target=\"_blank\" rel=\"noopener noreferrer nofollow\">#Cuba<\/a> y <a href=\"https:\/\/twitter.com\/hashtag\/Venezuela?src=hashtag_click\" target=\"_blank\" rel=\"noopener noreferrer nofollow\">#Venezuela<\/a>\u00ab. Con esas palabras inici\u00f3 el di\u00e1logo entre el presidente <a href=\"https:\/\/twitter.com\/DiazCanelB\" target=\"_blank\" rel=\"noopener noreferrer nofollow\">@DiazCanelB<\/a> y el primer vicepresidente del PSUV, <a href=\"https:\/\/twitter.com\/dcabellor\" target=\"_blank\" rel=\"noopener noreferrer nofollow\">@dcabellor<\/a>, quien realiza una visita a la Isla desde inicio de semana\u201d.<\/p>\n<p>Durante el encuentro, ambos l\u00edderes dialogaron sobre lo que pueden hacer ambas organizaciones pol\u00edticas en pos de articular la izquierda de la \u00e9poca actual, en un contexto de guerra medi\u00e1tica y comunicacional basada en mentiras y campa\u00f1as de descr\u00e9dito.<\/p>\n<p>\u201cAmbos l\u00edderes hablaron de todo lo que pueden hacer ambas formaciones pol\u00edticas en la articulaci\u00f3n de las izquierdas de nuestra \u00e9poca, que hoy enfrentan una descomunal guerra medi\u00e1tica y comunicacional, basada en mentiras, calumnias y campa\u00f1as de descr\u00e9dito\u201d.<\/p>\n<p>El mandatario cubano aprovech\u00f3 la ocasi\u00f3n para agradecer la permanente solidaridad de Venezuela con la mayor de las Antillas y su apoyo en los momentos m\u00e1s complejos, en especial de su l\u00edder, el Presidente Nicol\u00e1s Maduro Moros, a quien envi\u00f3 un abrazo, extensivo a su equipo de gobierno.<\/p>\n<p>\u201cEl presidente cubano agradeci\u00f3 la permanente solidaridad de Venezuela con <a href=\"https:\/\/twitter.com\/hashtag\/Cuba?src=hashtag_click\" target=\"_blank\" rel=\"noopener noreferrer nofollow\">#Cuba<\/a> y el apoyo en los momentos m\u00e1s complejos, personalmente de su l\u00edder,<\/p>\n<p><a href=\"https:\/\/twitter.com\/NicolasMaduro\" target=\"_blank\" rel=\"noopener noreferrer nofollow\">@NicolasMaduro<\/a>. <a href=\"https:\/\/twitter.com\/DiazCanelB\" target=\"_blank\" rel=\"noopener noreferrer nofollow\">@DiazCanelB<\/a> envi\u00f3 un abrazo a Maduro y a su equipo de gobierno\u201d.<\/p>\n<p>A trav\u00e9s de su cuenta personal, D\u00edaz-Canel comparti\u00f3 una foto del encuentro y expres\u00f3 que \u201cabrazar a un hermano en casa, la mayor alegr\u00eda\u201d.<\/p>\n<p>Ya se ver\u00e1 qu\u00e9 especulan los adversarios. Nosotros s\u00f3lo reiteramos que quien se mete con Venezuela se mete con Cuba y viceversa, escribi\u00f3 el mandatario en su tuit.<\/p>\n<p>\u201cAbrazar a un hermano en casa, la mayor alegr\u00eda. Lo confirmamos en encuentro con @dcabellor. Ya se ver\u00e1 qu\u00e9 especulan los adversarios. Nosotros s\u00f3lo reiteramos que \u00abquien se mete con #Venezuela se mete con #Cuba y viceversa\u00bb.<\/p>\n<p>Diosdasdo Cabello lleg\u00f3 a Cuba el pasado lunes, y durante su estancia, sostuvo conversaciones oficiales con dirigentes del PCC, el Estado y el Gobierno cubanos, enfocadas al trabajo de las respectivas organizaciones pol\u00edticas y las posibilidades de fortalecer el intercambio, el di\u00e1logo y la colaboraci\u00f3n interpartidista.<\/p>\n<p>Con estos fines tambi\u00e9n rubric\u00f3 junto a Roberto Morales Ojeda, miembro del Bur\u00f3 Pol\u00edtico y secretario de Organizaci\u00f3n del Comit\u00e9 Central del PCC, un convenio para el intercambio y la cooperaci\u00f3n entre ambas fuerzas pol\u00edticas, y recorri\u00f3 la Zona Especial de Desarrollo Mariel y la Escuela Superior de Cuadros del Partido \u00d1ico L\u00f3pez, entre otros sitios de inter\u00e9s.<\/p>\n","protected":false},"excerpt":{"rendered":"<p>Miguel D\u00edaz-Canel Berm\u00fadez, Primer Secretario del Comit\u00e9 Central del Partido Comunista de Cuba y Presidente de la Rep\u00fablica, sostuvo este jueves un encuentro con Diosdado Cabello Rond\u00f3n, primer vicepresidente del Partido Socialista Unido de Venezuela.<\/p>\n","protected":false},"author":123,"featured_media":15027,"comment_status":"open","ping_status":"open","sticky":false,"template":"","format":"standard","meta":{"_acf_changed":false,"footnotes":""},"categories":[3,8],"tags":[241,932,28,74,931],"coauthors":[],"class_list":["post-15026","post","type-post","status-publish","format-standard","has-post-thumbnail","hentry","category-cuba","category-noticia","tag-cuba-venezuela","tag-diosdado-cabello","tag-miguel-diaz-canel","tag-partido-comunista-de-cuba","tag-psuv"],"acf":[],"_links":{"self":[{"href":"https:\/\/www.radiosanctispiritus.cu\/es\/wp-json\/wp\/v2\/posts\/15026","targetHints":{"allow":["GET"]}}],"collection":[{"href":"https:\/\/www.radiosanctispiritus.cu\/es\/wp-json\/wp\/v2\/posts"}],"about":[{"href":"https:\/\/www.radiosanctispiritus.cu\/es\/wp-json\/wp\/v2\/types\/post"}],"author":[{"embeddable":true,"href":"https:\/\/www.radiosanctispiritus.cu\/es\/wp-json\/wp\/v2\/users\/123"}],"replies":[{"embeddable":true,"href":"https:\/\/www.radiosanctispiritus.cu\/es\/wp-json\/wp\/v2\/comments?post=15026"}],"version-history":[{"count":0,"href":"https:\/\/www.radiosanctispiritus.cu\/es\/wp-json\/wp\/v2\/posts\/15026\/revisions"}],"wp:featuredmedia":[{"embeddable":true,"href":"https:\/\/www.radiosanctispiritus.cu\/es\/wp-json\/wp\/v2\/media\/15027"}],"wp:attachment":[{"href":"https:\/\/www.radiosanctispiritus.cu\/es\/wp-json\/wp\/v2\/media?parent=15026"}],"wp:term":[{"taxonomy":"category","embeddable":true,"href":"https:\/\/www.radiosanctispiritus.cu\/es\/wp-json\/wp\/v2\/categories?post=15026"},{"taxonomy":"post_tag","embeddable":true,"href":"https:\/\/www.radiosanctispiritus.cu\/es\/wp-json\/wp\/v2\/tags?post=15026"},{"taxonomy":"author","embeddable":true,"href":"https:\/\/www.radiosanctispiritus.cu\/es\/wp-json\/wp\/v2\/coauthors?post=15026"}],"curies":[{"name":"wp","href":"https:\/\/api.w.org\/{rel}","templated":true}]}}