{"id":15003,"date":"2023-08-09T19:23:30","date_gmt":"2023-08-09T23:23:30","guid":{"rendered":"https:\/\/www.radiosanctispiritus.cu\/es\/?p=15003"},"modified":"2023-08-09T19:23:30","modified_gmt":"2023-08-09T23:23:30","slug":"dirigentes-partidistas-de-cuba-y-venezuela-visitan-zona-especial-de-desarrollo-mariel","status":"publish","type":"post","link":"https:\/\/www.radiosanctispiritus.cu\/es\/dirigentes-partidistas-de-cuba-y-venezuela-visitan-zona-especial-de-desarrollo-mariel\/","title":{"rendered":"Dirigentes partidistas de Cuba y Venezuela visitan Zona Especial de Desarrollo Mariel"},"content":{"rendered":"<p>Roberto Morales Ojeda, secretario de Organizaci\u00f3n del Comit\u00e9 Central del Partido Comunista de Cuba (PCC), y Diosdado Cabello, primer vicepresidente del Partido Socialista Unido de Venezuela, visitaron este mi\u00e9rcoles la Zona Especial de Desarrollo del Mariel (ZED Mariel), en la provincia de Artemisa.<\/p>\n<p>Seg\u00fan inform\u00f3 el PCC en Twitter, Ana Teresa Igarza, directora de la zona especial, acompa\u00f1\u00f3 durante un recorrido por el lugar a Morales Ojeda y a Cabello, quien del 7 al 11 de agosto visita el pa\u00eds, al frente de una delegaci\u00f3n integrada por cinco vicepresidentes y otros miembros de la direcci\u00f3n nacional del PSUV.<\/p>\n<p>\u00abEl miembro del Bur\u00f3 Pol\u00edtico y Secretario de Organizaci\u00f3n del CCPCC @DrRobertoMOjeda junto a @dcabellor y la delegaci\u00f3n de visita en #Cuba llegan a la Zona Especial de Desarrollo del Mariel. Su directora @AnaTeresaIgarza los acompa\u00f1a en el recorrido\u00bb.<\/p>\n<p>Otro tuit puntualiz\u00f3 que Igarza explic\u00f3 a los visitantes que desde el surgimiento de la ZED Mariel, el 1 de noviembre de 2013, esa entidad ha alcanzado varios resultados en materia de inversi\u00f3n para el pa\u00eds.<\/p>\n<p>\u00abLa @ZEDMarielCuba nace el dia 1 de noviembre del 2013 y en estos casi diez a\u00f1os son palpables los resultados en materia de inversi\u00f3n para el pa\u00eds dice @AnaTeresaIgarza en la panor\u00e1mica del trabajo en la zona que realiza para los visitantes\u00bb.<\/p>\n<p>Agreg\u00f3 que en la zona est\u00e1n presente diferentes sectores relacionados con la industria alimentaria, las energ\u00edas renovables, la inmobiliaria y el transporte.<\/p>\n<p>La directiva declar\u00f3 que en la actualidad en la ZED Mariel existen 64 negocios aprobados, hay presencia de 21 pa\u00edses, 34 empresas de capital extranjeros, 12 de capital cubano y genera m\u00e1s de 16 mil empleos.<\/p>\n<p>\u00abTotal de negocios aprobados: 64 Empresas de capital extranjero: 34 Empresas de capital cubana: 12 Generaci\u00f3n de empleos de m\u00e1s de 16 mil Pa\u00edses presentes: 21 Presencia en sectores: Industria alimentaria, Energ\u00edas renovables, Inmobiliaria, Transporte\u00bb.<\/p>\n<p>Cabello lleg\u00f3 a Cuba este lunes al frente de una delegaci\u00f3n de alto nivel, en visita de trabajo que concluir\u00e1 el 11 de agosto y tiene por objetivo continuar fortaleciendo las relaciones entre los partidos de ambos pa\u00edses.<\/p>\n","protected":false},"excerpt":{"rendered":"<p>Roberto Morales Ojeda, secretario de Organizaci\u00f3n del Comit\u00e9 Central del Partido Comunista de Cuba, y Diosdado Cabello, primer vicepresidente del Partido Socialista Unido de Venezuela, visitaron este mi\u00e9rcoles la Zona Especial de Desarrollo del Mariel, en la provincia de Artemisa.<\/p>\n","protected":false},"author":123,"featured_media":15004,"comment_status":"open","ping_status":"open","sticky":false,"template":"","format":"standard","meta":{"_acf_changed":false,"footnotes":""},"categories":[3,8],"tags":[241,545,74,931],"coauthors":[],"class_list":["post-15003","post","type-post","status-publish","format-standard","has-post-thumbnail","hentry","category-cuba","category-noticia","tag-cuba-venezuela","tag-mariel","tag-partido-comunista-de-cuba","tag-psuv"],"acf":[],"_links":{"self":[{"href":"https:\/\/www.radiosanctispiritus.cu\/es\/wp-json\/wp\/v2\/posts\/15003","targetHints":{"allow":["GET"]}}],"collection":[{"href":"https:\/\/www.radiosanctispiritus.cu\/es\/wp-json\/wp\/v2\/posts"}],"about":[{"href":"https:\/\/www.radiosanctispiritus.cu\/es\/wp-json\/wp\/v2\/types\/post"}],"author":[{"embeddable":true,"href":"https:\/\/www.radiosanctispiritus.cu\/es\/wp-json\/wp\/v2\/users\/123"}],"replies":[{"embeddable":true,"href":"https:\/\/www.radiosanctispiritus.cu\/es\/wp-json\/wp\/v2\/comments?post=15003"}],"version-history":[{"count":0,"href":"https:\/\/www.radiosanctispiritus.cu\/es\/wp-json\/wp\/v2\/posts\/15003\/revisions"}],"wp:featuredmedia":[{"embeddable":true,"href":"https:\/\/www.radiosanctispiritus.cu\/es\/wp-json\/wp\/v2\/media\/15004"}],"wp:attachment":[{"href":"https:\/\/www.radiosanctispiritus.cu\/es\/wp-json\/wp\/v2\/media?parent=15003"}],"wp:term":[{"taxonomy":"category","embeddable":true,"href":"https:\/\/www.radiosanctispiritus.cu\/es\/wp-json\/wp\/v2\/categories?post=15003"},{"taxonomy":"post_tag","embeddable":true,"href":"https:\/\/www.radiosanctispiritus.cu\/es\/wp-json\/wp\/v2\/tags?post=15003"},{"taxonomy":"author","embeddable":true,"href":"https:\/\/www.radiosanctispiritus.cu\/es\/wp-json\/wp\/v2\/coauthors?post=15003"}],"curies":[{"name":"wp","href":"https:\/\/api.w.org\/{rel}","templated":true}]}}