{"id":14949,"date":"2023-08-07T22:29:46","date_gmt":"2023-08-08T02:29:46","guid":{"rendered":"https:\/\/www.radiosanctispiritus.cu\/es\/?p=14949"},"modified":"2023-08-07T22:29:46","modified_gmt":"2023-08-08T02:29:46","slug":"delegacion-del-partido-socialista-unido-de-venezuela-inicia-por-santiago-visita-a-cuba","status":"publish","type":"post","link":"https:\/\/www.radiosanctispiritus.cu\/es\/delegacion-del-partido-socialista-unido-de-venezuela-inicia-por-santiago-visita-a-cuba\/","title":{"rendered":"Delegaci\u00f3n del Partido Socialista Unido de Venezuela inicia por Santiago visita a Cuba"},"content":{"rendered":"<p>Diosdado Cabello, primer vicepresidente del Partido Socialista Unido de Venezuela (PSUV), encabeza una delegaci\u00f3n de alto nivel de esa organizaci\u00f3n pol\u00edtica que desde este lunes y hasta el 11 de agosto cumplimentar\u00e1 una visita a la Isla.<\/p>\n<p>Seg\u00fan inform\u00f3 el sitio del Partido Comunista de Cuba (PCC), la comitiva, integrada por cinco vicepresidentes y otros miembros de la direcci\u00f3n nacional del PSUV, lleg\u00f3 por el Aeropuerto Internacional Antonio Maceo de Santiago de Cuba.<\/p>\n<p>La visita tiene como principal objetivo continuar fortaleciendo las relaciones entre el PCC y el PSUV, cuyos v\u00ednculos se cimentan sobre las bases de principios comunes como el antimperialismo, la solidaridad, la defensa de la democracia y la cooperaci\u00f3n.<\/p>\n<p><img decoding=\"async\" class=\"alignnone size-medium wp-image-14951\" src=\"https:\/\/www.radiosanctispiritus.cu\/es\/wp-content\/uploads\/Cabello-tributo-Moncada-2-600x336.jpg\" alt=\"\" width=\"600\" height=\"336\" srcset=\"https:\/\/www.radiosanctispiritus.cu\/es\/wp-content\/uploads\/Cabello-tributo-Moncada-2-600x336.jpg 600w, https:\/\/www.radiosanctispiritus.cu\/es\/wp-content\/uploads\/Cabello-tributo-Moncada-2-768x430.jpg 768w, https:\/\/www.radiosanctispiritus.cu\/es\/wp-content\/uploads\/Cabello-tributo-Moncada-2-605x340.jpg 605w, https:\/\/www.radiosanctispiritus.cu\/es\/wp-content\/uploads\/Cabello-tributo-Moncada-2-290x163.jpg 290w, https:\/\/www.radiosanctispiritus.cu\/es\/wp-content\/uploads\/Cabello-tributo-Moncada-2-460x259.jpg 460w, https:\/\/www.radiosanctispiritus.cu\/es\/wp-content\/uploads\/Cabello-tributo-Moncada-2.jpg 840w\" sizes=\"(max-width: 600px) 100vw, 600px\" \/><\/p>\n<p>Como parte de su agenda, Diosdado Cabello sostendr\u00e1 conversaciones oficiales con Roberto Morales Ojeda, miembro del Bur\u00f3 Pol\u00edtico y Secretario de Organizaci\u00f3n del Comit\u00e9 Central del PCC, y tendr\u00e1 otros encuentros con dirigentes del Partido, el Estado y el Gobierno cubano, donde los ejes principales de di\u00e1logo ser\u00e1n el trabajo de las respectivas organizaciones pol\u00edticas y las posibilidades de fortalecer el intercambio y la colaboraci\u00f3n interpartidista.<\/p>\n<p>Cuba mantiene su firme apoyo al proceso bolivariano, al presidente Nicol\u00e1s Maduro y a la unidad c\u00edvico-militar que lidera.<\/p>\n<p><img decoding=\"async\" class=\"alignnone size-medium wp-image-14952\" src=\"https:\/\/www.radiosanctispiritus.cu\/es\/wp-content\/uploads\/Cabello-tributo-marti-600x445.jpg\" alt=\"\" width=\"600\" height=\"445\" srcset=\"https:\/\/www.radiosanctispiritus.cu\/es\/wp-content\/uploads\/Cabello-tributo-marti-600x445.jpg 600w, https:\/\/www.radiosanctispiritus.cu\/es\/wp-content\/uploads\/Cabello-tributo-marti-768x570.jpg 768w, https:\/\/www.radiosanctispiritus.cu\/es\/wp-content\/uploads\/Cabello-tributo-marti.jpg 840w\" sizes=\"(max-width: 600px) 100vw, 600px\" \/><\/p>\n<p>Entre sus primeras actividades al arribar a Santiago de Cuba, Cabello y sus acompa\u00f1antes rindieron tributo a los padres de la naci\u00f3n en el cementerio patrimonial Santa Ifigenia, donde deposit\u00f3 flores sueltas ante los monumentos funerarios erigidos al H\u00e9roe Nacional Jos\u00e9 Mart\u00ed, a Carlos Manuel de C\u00e9spedes y Mariana Grajales, Padre y Madre la Patria, respectivamente, y ante el monolito que atesora las cenizas del Comandante en Jefe Fidel Castro, l\u00edder hist\u00f3rico de la Revoluci\u00f3n.<\/p>\n<p>Tambi\u00e9n visitaron el museo 26 de Julio, en el otrora Cuartel Moncada, donde conocieron las acciones heroicas de la Generaci\u00f3n del Centenario encabezada por Fidel el 26 de julio de 1953.<\/p>\n<p><img decoding=\"async\" class=\"alignnone size-medium wp-image-14953\" src=\"https:\/\/www.radiosanctispiritus.cu\/es\/wp-content\/uploads\/Cabello-tributo-Moncada-600x450.jpg\" alt=\"\" width=\"600\" height=\"450\" srcset=\"https:\/\/www.radiosanctispiritus.cu\/es\/wp-content\/uploads\/Cabello-tributo-Moncada-600x450.jpg 600w, https:\/\/www.radiosanctispiritus.cu\/es\/wp-content\/uploads\/Cabello-tributo-Moncada-768x576.jpg 768w, https:\/\/www.radiosanctispiritus.cu\/es\/wp-content\/uploads\/Cabello-tributo-Moncada.jpg 840w\" sizes=\"(max-width: 600px) 100vw, 600px\" \/><\/p>\n","protected":false},"excerpt":{"rendered":"<p>Diosdado Cabello, primer vicepresidente del Partido Socialista Unido de Venezuela (PSUV), encabeza una delegaci\u00f3n de alto nivel de esa organizaci\u00f3n pol\u00edtica que desde este lunes y hasta el 11 de agosto cumplimentar\u00e1 una visita a la Isla. Seg\u00fan inform\u00f3 el sitio del Partido Comunista de Cuba (PCC), la comitiva, integrada por cinco vicepresidentes y otros [&hellip;]<\/p>\n","protected":false},"author":123,"featured_media":14950,"comment_status":"open","ping_status":"open","sticky":false,"template":"","format":"standard","meta":{"_acf_changed":false,"footnotes":""},"categories":[3,8],"tags":[241,75,931,739],"coauthors":[],"class_list":["post-14949","post","type-post","status-publish","format-standard","has-post-thumbnail","hentry","category-cuba","category-noticia","tag-cuba-venezuela","tag-pcc","tag-psuv","tag-santiago-de-cuba"],"acf":[],"_links":{"self":[{"href":"https:\/\/www.radiosanctispiritus.cu\/es\/wp-json\/wp\/v2\/posts\/14949","targetHints":{"allow":["GET"]}}],"collection":[{"href":"https:\/\/www.radiosanctispiritus.cu\/es\/wp-json\/wp\/v2\/posts"}],"about":[{"href":"https:\/\/www.radiosanctispiritus.cu\/es\/wp-json\/wp\/v2\/types\/post"}],"author":[{"embeddable":true,"href":"https:\/\/www.radiosanctispiritus.cu\/es\/wp-json\/wp\/v2\/users\/123"}],"replies":[{"embeddable":true,"href":"https:\/\/www.radiosanctispiritus.cu\/es\/wp-json\/wp\/v2\/comments?post=14949"}],"version-history":[{"count":0,"href":"https:\/\/www.radiosanctispiritus.cu\/es\/wp-json\/wp\/v2\/posts\/14949\/revisions"}],"wp:featuredmedia":[{"embeddable":true,"href":"https:\/\/www.radiosanctispiritus.cu\/es\/wp-json\/wp\/v2\/media\/14950"}],"wp:attachment":[{"href":"https:\/\/www.radiosanctispiritus.cu\/es\/wp-json\/wp\/v2\/media?parent=14949"}],"wp:term":[{"taxonomy":"category","embeddable":true,"href":"https:\/\/www.radiosanctispiritus.cu\/es\/wp-json\/wp\/v2\/categories?post=14949"},{"taxonomy":"post_tag","embeddable":true,"href":"https:\/\/www.radiosanctispiritus.cu\/es\/wp-json\/wp\/v2\/tags?post=14949"},{"taxonomy":"author","embeddable":true,"href":"https:\/\/www.radiosanctispiritus.cu\/es\/wp-json\/wp\/v2\/coauthors?post=14949"}],"curies":[{"name":"wp","href":"https:\/\/api.w.org\/{rel}","templated":true}]}}