{"id":14843,"date":"2023-08-03T19:13:59","date_gmt":"2023-08-03T23:13:59","guid":{"rendered":"https:\/\/www.radiosanctispiritus.cu\/es\/?p=14843"},"modified":"2023-08-03T19:16:54","modified_gmt":"2023-08-03T23:16:54","slug":"experto-mexicano-reconoce-presencia-de-jose-marti-en-su-pais","status":"publish","type":"post","link":"https:\/\/www.radiosanctispiritus.cu\/es\/experto-mexicano-reconoce-presencia-de-jose-marti-en-su-pais\/","title":{"rendered":"Experto mexicano reconoce presencia de Jos\u00e9 Mart\u00ed en su pa\u00eds"},"content":{"rendered":"<p>El M\u00e9xico de Jos\u00e9 Mart\u00ed es el t\u00edtulo de la conferencia impartida este jueves por el Doctor mexicano Mario Alberto N\u00e1jera, quien asegur\u00f3 que el H\u00e9roe Nacional de Cuba (1853-1895) est\u00e1 presente en su pa\u00eds.<\/p>\n<p>N\u00e1jera, quien es el coordinador de la Red Internacional de C\u00e1tedras Martianas, habl\u00f3 para un p\u00fablico reunido en la Biblioteca Rub\u00e9n Mart\u00ednez Villena, enclavada en Sancti Sp\u00edritus, ciudad patrimonial de Cuba.<\/p>\n<p>Al concluir su disertaci\u00f3n, el reconocido intelectual de la Universidad de Guadalajara ofreci\u00f3 declaraciones a Prensa Latina en las cuales expres\u00f3 que el objetivo de esta conferencia fue lograr un acercamiento al breve tiempo vivido por Mart\u00ed en la naci\u00f3n azteca.<\/p>\n<p>Vive all\u00ed apenas dos a\u00f1os, es un joven que se involucra en la vida pol\u00edtica, cultural y literaria de M\u00e9xico donde escribe y estrena la obra de teatro Amor con amor se paga y adem\u00e1s publica poes\u00edas y art\u00edculos sobre la situaci\u00f3n pol\u00edtica y cultural en M\u00e9xico, record\u00f3.<\/p>\n<p>Quisimos ofrecer una visi\u00f3n de esos a\u00f1os y la importancia que tuvo su estancia, que fue como un laboratorio, una escuela, a\u00f1adi\u00f3.<\/p>\n<p>Seis C\u00e1tedras Jos\u00e9 Mart\u00ed est\u00e1n instaladas en igual n\u00famero de universidades en M\u00e9xico y hay otras muchas dispersas en el mundo. Existen un total de 51, en 19 pa\u00edses, entre ellos Nicaragua, Brasil, Argentina, Espa\u00f1a y Costa Rica, dijo.<\/p>\n<p>En noviembre pr\u00f3ximo, en la ciudad de Guadalajara, celebraremos el vig\u00e9simo encuentro internacional de C\u00e1tedras Martianas, es decir han pasado 20 a\u00f1os promoviendo estas c\u00e1tedras, se\u00f1al\u00f3.<\/p>\n<p>Hemos cumplido el compromiso de que el pensamiento martiano sea m\u00e1s estudiado, se conozca m\u00e1s, y cada universidad realiza diversas actividades que incluyen conferencias, clases y publicaciones, donde est\u00e1 Mart\u00ed.<\/p>\n<p>S\u00ed, el doctor Alfonso Herrera Franyutti con su libro Mart\u00ed en M\u00e9xico. Recuerdos de una \u00e9poca, publicada unas dos o tres veces, logr\u00f3 difundir a Mart\u00ed en el pa\u00eds, asegur\u00f3.<\/p>\n<div id=\"attachment_14845\" style=\"width: 499px\" class=\"wp-caption alignnone\"><img decoding=\"async\" aria-describedby=\"caption-attachment-14845\" class=\" wp-image-14845\" src=\"https:\/\/www.radiosanctispiritus.cu\/es\/wp-content\/uploads\/Marti-mexicano-SS-3.jpg\" alt=\"\" width=\"489\" height=\"312\" \/><p id=\"caption-attachment-14845\" class=\"wp-caption-text\">N\u00e1jera es el coordinador de la Red Internacional de C\u00e1tedras Martianas.<\/p><\/div>\n<p>\u201cMarti es conocido, apreciado y querido en M\u00e9xico m\u00e1s que en cualquier otro pa\u00eds, exceptuando a Cuba por supuesto\u201d, enfatiz\u00f3.<\/p>\n<p>Mencion\u00f3 al Centro Cultural Jos\u00e9 Mart\u00ed, en Ciudad de M\u00e9xico, donde se alza una bella escultura del Ap\u00f3stol, mientras indic\u00f3 que en cada universidad se dan conferencias y clases sobre el pensamiento cr\u00edtico latinoamericano y ah\u00ed esta Mart\u00ed y ese es el objetivo de las c\u00e1tedras.<\/p>\n<p>Resalt\u00f3 la obra del muralista mexicano Diego Rivera, Sue\u00f1o de una tarde dominical en la Alameda Central, donde emerge la figura del m\u00e1s universal de los cubanos, junto a Frida Kahlo y otras personalidades de la historia y la cultura de M\u00e9xico.<\/p>\n<p>Me gusta venir aqu\u00ed, apunt\u00f3, y evoc\u00f3 su amistad con el poeta Fayad Jam\u00eds (M\u00e9xico, 1930-La Habana, 1988) y c\u00f3mo este le hablaba de Guayos, poblado del municipio espirituano de Cabaigu\u00e1n, del r\u00edo y del puente de la ciudad de Sancti Sp\u00edritus (\u00fanico de su tipo en Cuba).<\/p>\n<div id=\"attachment_14846\" style=\"width: 695px\" class=\"wp-caption alignnone\"><img decoding=\"async\" aria-describedby=\"caption-attachment-14846\" class=\" wp-image-14846\" src=\"https:\/\/www.radiosanctispiritus.cu\/es\/wp-content\/uploads\/Marti-mexicano-SS-2-600x337.jpg\" alt=\"\" width=\"685\" height=\"385\" srcset=\"https:\/\/www.radiosanctispiritus.cu\/es\/wp-content\/uploads\/Marti-mexicano-SS-2-600x337.jpg 600w, https:\/\/www.radiosanctispiritus.cu\/es\/wp-content\/uploads\/Marti-mexicano-SS-2-1024x576.jpg 1024w, https:\/\/www.radiosanctispiritus.cu\/es\/wp-content\/uploads\/Marti-mexicano-SS-2-768x432.jpg 768w, https:\/\/www.radiosanctispiritus.cu\/es\/wp-content\/uploads\/Marti-mexicano-SS-2-960x540.jpg 960w, https:\/\/www.radiosanctispiritus.cu\/es\/wp-content\/uploads\/Marti-mexicano-SS-2-605x340.jpg 605w, https:\/\/www.radiosanctispiritus.cu\/es\/wp-content\/uploads\/Marti-mexicano-SS-2-290x163.jpg 290w, https:\/\/www.radiosanctispiritus.cu\/es\/wp-content\/uploads\/Marti-mexicano-SS-2-460x259.jpg 460w, https:\/\/www.radiosanctispiritus.cu\/es\/wp-content\/uploads\/Marti-mexicano-SS-2.jpg 1080w\" sizes=\"(max-width: 685px) 100vw, 685px\" \/><p id=\"caption-attachment-14846\" class=\"wp-caption-text\">El objetivo de esta conferencia fue lograr un acercamiento al breve tiempo vivido por Mart\u00ed en la naci\u00f3n azteca.<\/p><\/div>\n<p>Reiter\u00f3 que este es un lugar de mucha efervescencia cultural y c\u00f3mo esta ciudad se herman\u00f3 con Lagos de Moreno, en el estado mexicano de Jalisco.<\/p>\n<p>Esta conferencia fue convocada por la filial espirituana de la Sociedad Cultural Jos\u00e9 Marti, al frente de la cual est\u00e1 Juan Eduardo Bernal.<\/p>\n","protected":false},"excerpt":{"rendered":"<p>El M\u00e9xico de Jos\u00e9 Mart\u00ed es el t\u00edtulo de la conferencia impartida este jueves en Sancti Sp\u00edritus por el Doctor mexicano Mario Alberto N\u00e1jera, quien asegur\u00f3 que el H\u00e9roe Nacional de Cuba est\u00e1 presente en su pa\u00eds.<\/p>\n","protected":false},"author":22,"featured_media":14844,"comment_status":"open","ping_status":"open","sticky":false,"template":"","format":"standard","meta":{"_acf_changed":false,"footnotes":""},"categories":[9,8,1],"tags":[62,636,439],"coauthors":[],"class_list":["post-14843","post","type-post","status-publish","format-standard","has-post-thumbnail","hentry","category-en-audio","category-noticia","category-sancti-spiritus","tag-cuba-mexico","tag-jose-marti","tag-sociedad-cultural-jose-marti"],"acf":[],"_links":{"self":[{"href":"https:\/\/www.radiosanctispiritus.cu\/es\/wp-json\/wp\/v2\/posts\/14843","targetHints":{"allow":["GET"]}}],"collection":[{"href":"https:\/\/www.radiosanctispiritus.cu\/es\/wp-json\/wp\/v2\/posts"}],"about":[{"href":"https:\/\/www.radiosanctispiritus.cu\/es\/wp-json\/wp\/v2\/types\/post"}],"author":[{"embeddable":true,"href":"https:\/\/www.radiosanctispiritus.cu\/es\/wp-json\/wp\/v2\/users\/22"}],"replies":[{"embeddable":true,"href":"https:\/\/www.radiosanctispiritus.cu\/es\/wp-json\/wp\/v2\/comments?post=14843"}],"version-history":[{"count":0,"href":"https:\/\/www.radiosanctispiritus.cu\/es\/wp-json\/wp\/v2\/posts\/14843\/revisions"}],"wp:featuredmedia":[{"embeddable":true,"href":"https:\/\/www.radiosanctispiritus.cu\/es\/wp-json\/wp\/v2\/media\/14844"}],"wp:attachment":[{"href":"https:\/\/www.radiosanctispiritus.cu\/es\/wp-json\/wp\/v2\/media?parent=14843"}],"wp:term":[{"taxonomy":"category","embeddable":true,"href":"https:\/\/www.radiosanctispiritus.cu\/es\/wp-json\/wp\/v2\/categories?post=14843"},{"taxonomy":"post_tag","embeddable":true,"href":"https:\/\/www.radiosanctispiritus.cu\/es\/wp-json\/wp\/v2\/tags?post=14843"},{"taxonomy":"author","embeddable":true,"href":"https:\/\/www.radiosanctispiritus.cu\/es\/wp-json\/wp\/v2\/coauthors?post=14843"}],"curies":[{"name":"wp","href":"https:\/\/api.w.org\/{rel}","templated":true}]}}