{"id":14782,"date":"2023-08-01T22:23:57","date_gmt":"2023-08-02T02:23:57","guid":{"rendered":"https:\/\/www.radiosanctispiritus.cu\/es\/?p=14782"},"modified":"2023-08-01T22:23:57","modified_gmt":"2023-08-02T02:23:57","slug":"industriales-gana-el-clasico-y-avanza-a-la-final-de-la-pelota-cubana","status":"publish","type":"post","link":"https:\/\/www.radiosanctispiritus.cu\/es\/industriales-gana-el-clasico-y-avanza-a-la-final-de-la-pelota-cubana\/","title":{"rendered":"Industriales gana el cl\u00e1sico y avanza a la final de la pelota cubana"},"content":{"rendered":"<p>A pesar de las congas y la corneta china sonando en su contra, el equipo de Industriales gan\u00f3 este martes a Santiago de Cuba el s\u00e9ptimo juego de la semifinal y discutir\u00e1 el t\u00edtulo del torneo beisbolero de la isla.<\/p>\n<p>Con el \u00e9xito por 3-1 los Azules, m\u00e1ximos ganadores de campeonatos con 12, aseguraron su regreso a una final, luego de dos derrotas seguidas que hab\u00edan emparejado la serie ante las Avispas.<\/p>\n<p>El derecho Raymond Figueredo (6.0 IP, 1CL, 4H, 5K y 2BB) ejecut\u00f3 la tercera apertura en el playoff ante los santiagueros y firm\u00f3 su segundo \u00e9xito, sin dudas el m\u00e1s importante para los Azules que chocar\u00e1n ante Las Tunas por el oro.<\/p>\n<p>Con el marcador tan ajustado el bullpen tuvo protagonismo. Frank Herrera (2.0 IP, 2H, 2K) mantuvo la ventaja y Juan Xavier Pe\u00f1alver se anot\u00f3 su salvamento 15 de toda la justa al colgar el \u00faltimo esc\u00f3n.<\/p>\n<p>Fue otro partido de alta tensi\u00f3n, a la altura de la rivalidad existente entre los protagonistas del cl\u00e1sico beisbolero cubano, decidido en la quinta entrada cuando los Azules pisaron par de veces la goma con cuatro jits, entre ellos tubey de Alberto Calder\u00f3n e imparable de Yasmani Tom\u00e1s, ambas conexiones remolcadoras de las anotaciones claves.<\/p>\n<p>El abridor de los anfitriones, Alberto Bisset, sufri\u00f3 el rev\u00e9s y sum\u00f3 tres de las cuatro derrotas de su equipo en la serie ante Industriales.<\/p>\n<p>A partir del s\u00e1bado comienza la final entre Industriales y Las Tunas en el estadio Julio Antonio Mella, sede de los Le\u00f1adores.<\/p>\n<p>Santiago de Cuba se colg\u00f3 la presea de bronce tras una loable actuaci\u00f3n en la temporada.<\/p>\n","protected":false},"excerpt":{"rendered":"<p>El equipo de Industriales gan\u00f3 este martes a Santiago de Cuba el s\u00e9ptimo juego de la semifinal y discutir\u00e1 el t\u00edtulo del torneo beisbolero de la isla contra Las Tunas.<\/p>\n","protected":false},"author":22,"featured_media":14783,"comment_status":"open","ping_status":"open","sticky":false,"template":"","format":"standard","meta":{"_acf_changed":false,"footnotes":""},"categories":[7,8],"tags":[902,679,745],"coauthors":[],"class_list":["post-14782","post","type-post","status-publish","format-standard","has-post-thumbnail","hentry","category-deporte","category-noticia","tag-play-off","tag-serie-nacional-beisbol","tag-snb62"],"acf":[],"_links":{"self":[{"href":"https:\/\/www.radiosanctispiritus.cu\/es\/wp-json\/wp\/v2\/posts\/14782","targetHints":{"allow":["GET"]}}],"collection":[{"href":"https:\/\/www.radiosanctispiritus.cu\/es\/wp-json\/wp\/v2\/posts"}],"about":[{"href":"https:\/\/www.radiosanctispiritus.cu\/es\/wp-json\/wp\/v2\/types\/post"}],"author":[{"embeddable":true,"href":"https:\/\/www.radiosanctispiritus.cu\/es\/wp-json\/wp\/v2\/users\/22"}],"replies":[{"embeddable":true,"href":"https:\/\/www.radiosanctispiritus.cu\/es\/wp-json\/wp\/v2\/comments?post=14782"}],"version-history":[{"count":0,"href":"https:\/\/www.radiosanctispiritus.cu\/es\/wp-json\/wp\/v2\/posts\/14782\/revisions"}],"wp:featuredmedia":[{"embeddable":true,"href":"https:\/\/www.radiosanctispiritus.cu\/es\/wp-json\/wp\/v2\/media\/14783"}],"wp:attachment":[{"href":"https:\/\/www.radiosanctispiritus.cu\/es\/wp-json\/wp\/v2\/media?parent=14782"}],"wp:term":[{"taxonomy":"category","embeddable":true,"href":"https:\/\/www.radiosanctispiritus.cu\/es\/wp-json\/wp\/v2\/categories?post=14782"},{"taxonomy":"post_tag","embeddable":true,"href":"https:\/\/www.radiosanctispiritus.cu\/es\/wp-json\/wp\/v2\/tags?post=14782"},{"taxonomy":"author","embeddable":true,"href":"https:\/\/www.radiosanctispiritus.cu\/es\/wp-json\/wp\/v2\/coauthors?post=14782"}],"curies":[{"name":"wp","href":"https:\/\/api.w.org\/{rel}","templated":true}]}}