{"id":14644,"date":"2023-07-28T22:09:57","date_gmt":"2023-07-29T02:09:57","guid":{"rendered":"https:\/\/www.radiosanctispiritus.cu\/es\/?p=14644"},"modified":"2023-07-28T22:10:35","modified_gmt":"2023-07-29T02:10:35","slug":"concluyo-su-paso-por-trinidad-cruzada-teatral-por-la-ruta-del-che","status":"publish","type":"post","link":"https:\/\/www.radiosanctispiritus.cu\/es\/concluyo-su-paso-por-trinidad-cruzada-teatral-por-la-ruta-del-che\/","title":{"rendered":"Concluy\u00f3 su paso por Trinidad Cruzada teatral Por la ruta del Che"},"content":{"rendered":"<p>Tras cuatro jornadas de presentaciones en diferentes comunidades rurales y del lomer\u00edo del Escambray, cerr\u00f3 su gira por el municipio de Trinidad la Cruzada teatral Por la ruta del Che, en su vig\u00e9simo novena edici\u00f3n.<\/p>\n<audio class=\"wp-audio-shortcode\" id=\"audio-14644-1\" preload=\"none\" style=\"width: 100%;\" controls=\"controls\"><source type=\"audio\/mpeg\" src=\"https:\/\/www.ivoox.com\/juan-carlos-naranjo-al-dia-28-7-23_md_113336540_wp_1.mp3?_=1\" \/><a href=\"https:\/\/www.ivoox.com\/juan-carlos-naranjo-al-dia-28-7-23_md_113336540_wp_1.mp3\" target=\"_blank\" rel=\"noopener\">https:\/\/www.ivoox.com\/juan-carlos-naranjo-al-dia-28-7-23_md_113336540_wp_1.mp3<\/a><\/audio>\n<p>&nbsp;<\/p>\n","protected":false},"excerpt":{"rendered":"<p>Tras cuatro jornadas de presentaciones en diferentes comunidades rurales y del lomer\u00edo del Escambray, cerr\u00f3 su gira por el municipio de Trinidad la Cruzada teatral Por la ruta del Che, en su vig\u00e9simo novena edici\u00f3n.<\/p>\n","protected":false},"author":145,"featured_media":14645,"comment_status":"open","ping_status":"open","sticky":false,"template":"","format":"standard","meta":{"_acf_changed":false,"footnotes":""},"categories":[6,9,8],"tags":[443,899,360],"coauthors":[],"class_list":["post-14644","post","type-post","status-publish","format-standard","has-post-thumbnail","hentry","category-cultura","category-en-audio","category-noticia","tag-artes-escenicas","tag-cruzada-teatral","tag-cultura-espirituana"],"acf":[],"_links":{"self":[{"href":"https:\/\/www.radiosanctispiritus.cu\/es\/wp-json\/wp\/v2\/posts\/14644","targetHints":{"allow":["GET"]}}],"collection":[{"href":"https:\/\/www.radiosanctispiritus.cu\/es\/wp-json\/wp\/v2\/posts"}],"about":[{"href":"https:\/\/www.radiosanctispiritus.cu\/es\/wp-json\/wp\/v2\/types\/post"}],"author":[{"embeddable":true,"href":"https:\/\/www.radiosanctispiritus.cu\/es\/wp-json\/wp\/v2\/users\/145"}],"replies":[{"embeddable":true,"href":"https:\/\/www.radiosanctispiritus.cu\/es\/wp-json\/wp\/v2\/comments?post=14644"}],"version-history":[{"count":0,"href":"https:\/\/www.radiosanctispiritus.cu\/es\/wp-json\/wp\/v2\/posts\/14644\/revisions"}],"wp:featuredmedia":[{"embeddable":true,"href":"https:\/\/www.radiosanctispiritus.cu\/es\/wp-json\/wp\/v2\/media\/14645"}],"wp:attachment":[{"href":"https:\/\/www.radiosanctispiritus.cu\/es\/wp-json\/wp\/v2\/media?parent=14644"}],"wp:term":[{"taxonomy":"category","embeddable":true,"href":"https:\/\/www.radiosanctispiritus.cu\/es\/wp-json\/wp\/v2\/categories?post=14644"},{"taxonomy":"post_tag","embeddable":true,"href":"https:\/\/www.radiosanctispiritus.cu\/es\/wp-json\/wp\/v2\/tags?post=14644"},{"taxonomy":"author","embeddable":true,"href":"https:\/\/www.radiosanctispiritus.cu\/es\/wp-json\/wp\/v2\/coauthors?post=14644"}],"curies":[{"name":"wp","href":"https:\/\/api.w.org\/{rel}","templated":true}]}}