{"id":14349,"date":"2023-07-20T21:39:58","date_gmt":"2023-07-21T01:39:58","guid":{"rendered":"https:\/\/www.radiosanctispiritus.cu\/es\/?p=14349"},"modified":"2023-07-21T06:30:41","modified_gmt":"2023-07-21T10:30:41","slug":"llama-presidente-cubano-a-actuar-con-rigor-contra-los-delitos","status":"publish","type":"post","link":"https:\/\/www.radiosanctispiritus.cu\/es\/llama-presidente-cubano-a-actuar-con-rigor-contra-los-delitos\/","title":{"rendered":"Llama presidente cubano a actuar con rigor contra los delitos"},"content":{"rendered":"<p>El presidente de Cuba, Miguel D\u00edaz-Canel, llam\u00f3 este jueves a actuar con rigor contra los delitos e ilegalidades, al indicar que esos flagelos atentan contra la justicia social y la seguridad ciudadana, mientras profundizan las desigualdades.<\/p>\n<p>Al intervenir en el Primer Periodo Ordinario de Sesiones de la Asamblea Nacional del Poder Popular (Parlamento) en su X Legislatura, el mandatario expres\u00f3 que ese esfuerzo debe articular a las instituciones, organizaciones de masas, sociedad civil, y con la importante participaci\u00f3n de las Fuerzas Armadas Revolucionarias y el Ministerio del Interior.<\/p>\n<p>El jefe de Estado inst\u00f3 a enfrentar la actividad especulativa, la violencia, la corrupci\u00f3n, la vagancia, la vulgaridad y la indecencia, entre otros males, y a trabajar sobre las causas que provocan esos y otros problemas.<\/p>\n<p>No podemos permitir que quienes no trabajan, no aportan y se mueven en un entorno de ilegalidad, ganen m\u00e1s que quienes laboran honradamente y protagonizan la historia de hero\u00edsmo cotidiano del pueblo cubano, apunt\u00f3 D\u00edaz-Canel, y remarc\u00f3 la importancia de promover el comportamiento limpio y responsable de las instituciones, y de la familia cubana en general.<\/p>\n<p>El Estado y el Gobierno no pueden estar ajenos a las actividades il\u00edcitas, la indisciplina social, las manifestaciones de corrupci\u00f3n, los delitos de una econom\u00eda paralela sumergida y sucia, hemos expresado rechazo, en eso tenemos consenso, apunt\u00f3.<\/p>\n<p>La intervenci\u00f3n del presidente del pa\u00eds caribe\u00f1o se produjo en el contexto del debate realizado por los legisladores sobre los resultados de la implementaci\u00f3n de directivas generales para el enfrentamiento a los delitos, ilegalidades e indisciplinas sociales.<\/p>\n<p>Durante esa discusi\u00f3n, diversos diputados expusieron criterios y propuestas sobre c\u00f3mo hacer m\u00e1s efectiva la lucha contra esos males y pidieron verlos como una cuesti\u00f3n multisectorial y multifactorial, en la que deben involucrarse los m\u00e1s variados actores.<\/p>\n<p>El presidente consider\u00f3 que los planteamientos realizados en torno a este tema constituyeron un debate sincero que refleja un conocimiento de la realidad del pa\u00eds, y la voluntad de perfeccionar la sociedad para alcanzar la prosperidad y mayor justicia social posible.<\/p>\n<p>Al mismo tiempo, se\u00f1al\u00f3 que la prensa occidental puede especular con estas discusiones honestas, cuando existe el prop\u00f3sito contra la isla de crear un clima de inseguridad y desconfianza ciudadana que fracture la unidad popular, al exagerar hechos delictivos o manifestaciones de violencia.<\/p>\n<p>Cuba vencer\u00e1, afirm\u00f3 el gobernante, quien resalt\u00f3 que los mencionados flagelos ser\u00e1n combatidos con unidad, coraje, justicia, determinaci\u00f3n, orden, disciplina y efectividad.<\/p>\n<p>&nbsp;<\/p>\n","protected":false},"excerpt":{"rendered":"<p>El presidente de Cuba, Miguel D\u00edaz-Canel, llam\u00f3 este jueves a actuar con rigor contra los delitos e ilegalidades, al indicar que esos flagelos atentan contra la justicia social y la seguridad ciudadana, mientras profundizan las desigualdades.<\/p>\n","protected":false},"author":22,"featured_media":14350,"comment_status":"open","ping_status":"open","sticky":false,"template":"","format":"standard","meta":{"_acf_changed":false,"footnotes":""},"categories":[3,8],"tags":[227,864,863,28,272],"coauthors":[],"class_list":["post-14349","post","type-post","status-publish","format-standard","has-post-thumbnail","hentry","category-cuba","category-noticia","tag-asamblea-nacional-del-poder-popular","tag-corrupcion","tag-delito","tag-miguel-diaz-canel","tag-parlamento-cubano"],"acf":[],"_links":{"self":[{"href":"https:\/\/www.radiosanctispiritus.cu\/es\/wp-json\/wp\/v2\/posts\/14349","targetHints":{"allow":["GET"]}}],"collection":[{"href":"https:\/\/www.radiosanctispiritus.cu\/es\/wp-json\/wp\/v2\/posts"}],"about":[{"href":"https:\/\/www.radiosanctispiritus.cu\/es\/wp-json\/wp\/v2\/types\/post"}],"author":[{"embeddable":true,"href":"https:\/\/www.radiosanctispiritus.cu\/es\/wp-json\/wp\/v2\/users\/22"}],"replies":[{"embeddable":true,"href":"https:\/\/www.radiosanctispiritus.cu\/es\/wp-json\/wp\/v2\/comments?post=14349"}],"version-history":[{"count":0,"href":"https:\/\/www.radiosanctispiritus.cu\/es\/wp-json\/wp\/v2\/posts\/14349\/revisions"}],"wp:featuredmedia":[{"embeddable":true,"href":"https:\/\/www.radiosanctispiritus.cu\/es\/wp-json\/wp\/v2\/media\/14350"}],"wp:attachment":[{"href":"https:\/\/www.radiosanctispiritus.cu\/es\/wp-json\/wp\/v2\/media?parent=14349"}],"wp:term":[{"taxonomy":"category","embeddable":true,"href":"https:\/\/www.radiosanctispiritus.cu\/es\/wp-json\/wp\/v2\/categories?post=14349"},{"taxonomy":"post_tag","embeddable":true,"href":"https:\/\/www.radiosanctispiritus.cu\/es\/wp-json\/wp\/v2\/tags?post=14349"},{"taxonomy":"author","embeddable":true,"href":"https:\/\/www.radiosanctispiritus.cu\/es\/wp-json\/wp\/v2\/coauthors?post=14349"}],"curies":[{"name":"wp","href":"https:\/\/api.w.org\/{rel}","templated":true}]}}