{"id":13881,"date":"2023-07-07T11:25:01","date_gmt":"2023-07-07T15:25:01","guid":{"rendered":"https:\/\/www.radiosanctispiritus.cu\/es\/?p=13881"},"modified":"2023-07-07T11:25:01","modified_gmt":"2023-07-07T15:25:01","slug":"actualiza-comercio-interior-sobre-la-canasta-familiar-normada-de-julio","status":"publish","type":"post","link":"https:\/\/www.radiosanctispiritus.cu\/es\/actualiza-comercio-interior-sobre-la-canasta-familiar-normada-de-julio\/","title":{"rendered":"Actualiza Comercio Interior sobre la canasta familiar normada de julio"},"content":{"rendered":"<p>El Ministerio de Comercio Interior (Mincin) inform\u00f3 este jueves sobre la actualizaci\u00f3n de la distribuci\u00f3n de los productos de la canasta familiar normada correspondiente al mes de julio.<\/p>\n<p>Para el presente mes, destacaron, se asegura la venta de los productos previstos, iniciando el d\u00eda primero con el arroz y az\u00facar, de forma fraccionada en varios territorios, por lo que se garantiza su completamiento en el transcurso del mes, con las disponibilidades en el pa\u00eds, y en proceso de transportaci\u00f3n hacia los almacenes mayoristas.<\/p>\n<p>Asimismo, se asegura la distribuci\u00f3n de sal y ch\u00edcharos y la recuperaci\u00f3n de atrasos en las entregas de caf\u00e9 y aceite de mayo, paulatinamente, a partir de las entregas de la Industria.<\/p>\n<p>La leche para ni\u00f1os, dietas de enfermedades cr\u00f3nicas de la infancia y embarazadas se distribuir\u00e1 en la combinaci\u00f3n de leche fresca y en polvo, seg\u00fan las condiciones de cada territorio, favoreciendo el incremento de la primera en la estructura de las entregas.<\/p>\n<p>En el caso de las compotas para ni\u00f1os se comercializar\u00e1n recuperando atrasos, por lo que en el mes se entregar\u00e1 la cuarta distribuci\u00f3n en los territorios; mientras que en La Habana, Santiago de Cuba e Isla de la Juventud, la quinta.<\/p>\n<p>Desde el Mincin se\u00f1alan que se prioriz\u00f3 el financiamiento que asegura la distribuci\u00f3n de pollo y picadillo o embutido, al tiempo que se garantiza la distribuci\u00f3n de la cuota de huevo.<\/p>\n<p>Por otra parte, contin\u00faa en las provincias Camag\u00fcey, Las Tunas, Holgu\u00edn, Granma y Guant\u00e1namo el completamiento de una distribuci\u00f3n de m\u00f3dulos alimenticios de donaci\u00f3n, por n\u00facleos; y de forma diferenciada a personas en situaci\u00f3n de vulnerabilidad.<\/p>\n<p>En cuanto a los productos de aseo, precisaron, teniendo en cuenta la disponibilidad de materias primas de la Industria, se mantiene la distribuci\u00f3n controlada; en el jab\u00f3n de tocador por composici\u00f3n de n\u00facleos, la entrega del bimestre junio-julio de la crema dental, y el detergente l\u00edquido seg\u00fan criterio de los consejos de gobernaci\u00f3n.<\/p>\n<p>A\u00f1adieron que el jab\u00f3n de lavar est\u00e1 asegurado para los pacientes del programa de postrados e incontinentes; se distribuir\u00e1 dos pastillas de jab\u00f3n de lavar a los ni\u00f1os menores de dos a\u00f1os, una a las personas en situaci\u00f3n de vulnerabilidad, y por composici\u00f3n de n\u00facleos a toda la poblaci\u00f3n, para el bimestre junio-julio.<\/p>\n<p>El Mincin resalt\u00f3 que la distribuci\u00f3n de los productos de la canasta familiar normada y otros de venta controlada se mantiene como prioridad y es evaluada permanentemente por las m\u00e1ximas autoridades del Partido y el Gobierno.<\/p>\n<p>A\u00f1adieron que los productores, el sistema de empresas mayoristas y los transportistas realizan intensas jornadas de trabajo para acortar plazos de entrega, a partir de la disponibilidad de los recursos.<\/p>\n<p><strong>(Tomado de <a href=\"https:\/\/www.granma.cu\/cuba\/2023-07-06\/actualiza-comercio-interior-sobre-distribucion-de-la-canasta-familiar-normada-de-julio\" target=\"_blank\" rel=\"noopener noreferrer nofollow\">Granma<\/a>)<\/strong><\/p>\n","protected":false},"excerpt":{"rendered":"<p>El Ministerio de Comercio Interior inform\u00f3 sobre la actualizaci\u00f3n de la distribuci\u00f3n de los productos de la canasta familiar normada correspondiente al mes de julio.<\/p>\n","protected":false},"author":26,"featured_media":13882,"comment_status":"open","ping_status":"open","sticky":false,"template":"","format":"standard","meta":{"_acf_changed":false,"footnotes":""},"categories":[3,8],"tags":[273,189,893],"coauthors":[],"class_list":["post-13881","post","type-post","status-publish","format-standard","has-post-thumbnail","hentry","category-cuba","category-noticia","tag-canasta-basica","tag-comercio-interior","tag-mincin"],"acf":[],"_links":{"self":[{"href":"https:\/\/www.radiosanctispiritus.cu\/es\/wp-json\/wp\/v2\/posts\/13881","targetHints":{"allow":["GET"]}}],"collection":[{"href":"https:\/\/www.radiosanctispiritus.cu\/es\/wp-json\/wp\/v2\/posts"}],"about":[{"href":"https:\/\/www.radiosanctispiritus.cu\/es\/wp-json\/wp\/v2\/types\/post"}],"author":[{"embeddable":true,"href":"https:\/\/www.radiosanctispiritus.cu\/es\/wp-json\/wp\/v2\/users\/26"}],"replies":[{"embeddable":true,"href":"https:\/\/www.radiosanctispiritus.cu\/es\/wp-json\/wp\/v2\/comments?post=13881"}],"version-history":[{"count":0,"href":"https:\/\/www.radiosanctispiritus.cu\/es\/wp-json\/wp\/v2\/posts\/13881\/revisions"}],"wp:featuredmedia":[{"embeddable":true,"href":"https:\/\/www.radiosanctispiritus.cu\/es\/wp-json\/wp\/v2\/media\/13882"}],"wp:attachment":[{"href":"https:\/\/www.radiosanctispiritus.cu\/es\/wp-json\/wp\/v2\/media?parent=13881"}],"wp:term":[{"taxonomy":"category","embeddable":true,"href":"https:\/\/www.radiosanctispiritus.cu\/es\/wp-json\/wp\/v2\/categories?post=13881"},{"taxonomy":"post_tag","embeddable":true,"href":"https:\/\/www.radiosanctispiritus.cu\/es\/wp-json\/wp\/v2\/tags?post=13881"},{"taxonomy":"author","embeddable":true,"href":"https:\/\/www.radiosanctispiritus.cu\/es\/wp-json\/wp\/v2\/coauthors?post=13881"}],"curies":[{"name":"wp","href":"https:\/\/api.w.org\/{rel}","templated":true}]}}