{"id":13536,"date":"2023-06-29T11:45:54","date_gmt":"2023-06-29T15:45:54","guid":{"rendered":"https:\/\/www.radiosanctispiritus.cu\/es\/?p=13536"},"modified":"2023-06-29T11:46:30","modified_gmt":"2023-06-29T15:46:30","slug":"amplia-riqueza-de-aves-silvestres-en-sancti-spiritus","status":"publish","type":"post","link":"https:\/\/www.radiosanctispiritus.cu\/es\/amplia-riqueza-de-aves-silvestres-en-sancti-spiritus\/","title":{"rendered":"Amplia riqueza de aves silvestres en Sancti Sp\u00edritus"},"content":{"rendered":"<p>Las monta\u00f1as, valles y franjas de extensa vegetaci\u00f3n en esta central provincia de Cuba son hoy las \u00e1reas de reproducci\u00f3n y refugio de una amplia riqueza de aves silvestres con un elevado endemismo.<\/p>\n<p>As\u00ed define a Prensa Latina Abel Hern\u00e1ndez, delegado de la Fundaci\u00f3n Antonio N\u00fa\u00f1ez Jim\u00e9nez de la Naturaleza y el Hombre, el mapa actual de la avifauna en el territorio espirituano, el cual tiene un enorme impacto en nuestro bienestar, tanto f\u00edsico como mental, dijo.<\/p>\n<p>El destacado investigador y autor de m\u00e1s de una decena de textos sobre las aves destac\u00f3 la labor de diversas instituciones y organismos, colocando como ejemplo a la Empresa de Flora y Fauna, en el desarrollo de proyectos para la protecci\u00f3n y reproducci\u00f3n de especies en peligro de extinci\u00f3n.<\/p>\n<p><img decoding=\"async\" class=\"alignnone size-medium wp-image-13538\" src=\"https:\/\/www.radiosanctispiritus.cu\/es\/wp-content\/uploads\/zunzun001-600x393.jpg\" alt=\"\" width=\"600\" height=\"393\" srcset=\"https:\/\/www.radiosanctispiritus.cu\/es\/wp-content\/uploads\/zunzun001-600x393.jpg 600w, https:\/\/www.radiosanctispiritus.cu\/es\/wp-content\/uploads\/zunzun001-768x503.jpg 768w, https:\/\/www.radiosanctispiritus.cu\/es\/wp-content\/uploads\/zunzun001.jpg 1024w\" sizes=\"(max-width: 600px) 100vw, 600px\" \/><\/p>\n<p>Seg\u00fan estudios locales, en la provincia se registran m\u00e1s de 600 especies de la fauna, unas 90 son aves, que requieren, explic\u00f3, un constante control por los especialistas para conocer parejas, nidos, reproducci\u00f3n e incluso lugares del h\u00e1bitat preferente.<\/p>\n<p>En la actualidad se mantienen observaciones de las especies del entorno natural del catey y la cotorra en la Reserva Ecol\u00f3gica Lomas de Banao, as\u00ed como de la colonia de cerca de mil ejemplares de flamencos rosados en el Refugio de Flora y Fauna Tunas de Zaza, al sur de Sancti Sp\u00edritus.<\/p>\n<p><img decoding=\"async\" class=\"alignnone size-medium wp-image-13539\" src=\"https:\/\/www.radiosanctispiritus.cu\/es\/wp-content\/uploads\/cotorra2-600x399.jpg\" alt=\"\" width=\"600\" height=\"399\" srcset=\"https:\/\/www.radiosanctispiritus.cu\/es\/wp-content\/uploads\/cotorra2-600x399.jpg 600w, https:\/\/www.radiosanctispiritus.cu\/es\/wp-content\/uploads\/cotorra2.jpg 721w\" sizes=\"(max-width: 600px) 100vw, 600px\" \/><\/p>\n<p>Otro de los derroteros del territorio es el Gran Parque Natural de Topes de Collantes, en la sierra del Escambray, con una inmensa variedad de flora y fauna, cerca del 50 por ciento de las aves son end\u00e9micas del pa\u00eds, abundan los bosques naturales de pinos, eucaliptos y otros \u00e1rboles maderables.<\/p>\n<p>Al igual que el Parque Nacional Caguanes, declarado por la Unesco Reserva de la Biosfera en el municipio de Yaguajay, agrupa Cayo Caguanes, la Ci\u00e9naga de la Guayaberas y los islotes conocidos por Cayos de Piedra.<\/p>\n<p>El m\u00e1ster en Ciencias de Ecolog\u00eda distingui\u00f3 la poblaciones de grulla en la Ci\u00e9naga de la Guayabera, el ave silvestre m\u00e1s grande y poco com\u00fan en la isla, 11 especies de palomas, as\u00ed como la presencia del zunz\u00fan -el ave m\u00e1s peque\u00f1a del mundo- en todos los ambiente naturales y urbanos.<\/p>\n<p>De acuerdo con estudios de la Uni\u00f3n Internacional para la Conservaci\u00f3n de la Naturaleza, en la provincia se localizan 31 especies amenazadas, la mayor\u00eda evaluadas en las categor\u00edas de vulnerable y en peligro, algunas en periodo crucial.<\/p>\n<p><img decoding=\"async\" class=\"alignnone size-medium wp-image-13540\" src=\"https:\/\/www.radiosanctispiritus.cu\/es\/wp-content\/uploads\/flamenco2-600x403.jpg\" alt=\"\" width=\"600\" height=\"403\" srcset=\"https:\/\/www.radiosanctispiritus.cu\/es\/wp-content\/uploads\/flamenco2-600x403.jpg 600w, https:\/\/www.radiosanctispiritus.cu\/es\/wp-content\/uploads\/flamenco2-768x516.jpg 768w, https:\/\/www.radiosanctispiritus.cu\/es\/wp-content\/uploads\/flamenco2.jpg 1024w\" sizes=\"(max-width: 600px) 100vw, 600px\" \/><\/p>\n<p>El estudioso de la avifauna lamenta no haber conocido el guacamayo cubano, pues era una especie fabulosa con una amplia gama de matices en su plumaje, naranja, amarillo, azul, rojo verde y alrededor de los ojos una zonas blancas carentes de plumas.<\/p>\n<p>Datos proporcionados por el entrevistado indican que las \u00faltimas colonias de estos bell\u00edsimos animales existieron en la Ci\u00e9naga de Zapata, al sur de Matanzas, y en la Isla de la Juventud, y seg\u00fan estimados se extinguieron en las primeras d\u00e9cadas del XIX.<\/p>\n<p><img decoding=\"async\" class=\"alignnone size-medium wp-image-13541\" src=\"https:\/\/www.radiosanctispiritus.cu\/es\/wp-content\/uploads\/Guacamayo-cubano-600x376.jpg\" alt=\"\" width=\"600\" height=\"376\" srcset=\"https:\/\/www.radiosanctispiritus.cu\/es\/wp-content\/uploads\/Guacamayo-cubano-600x376.jpg 600w, https:\/\/www.radiosanctispiritus.cu\/es\/wp-content\/uploads\/Guacamayo-cubano.jpg 766w\" sizes=\"(max-width: 600px) 100vw, 600px\" \/><\/p>\n","protected":false},"excerpt":{"rendered":"<p>Las monta\u00f1as, valles y franjas de extensa vegetaci\u00f3n en esta central provincia de Cuba son hoy las \u00e1reas de reproducci\u00f3n y refugio de una amplia riqueza de aves silvestres con un elevado endemismo.<\/p>\n","protected":false},"author":22,"featured_media":13537,"comment_status":"open","ping_status":"open","sticky":false,"template":"","format":"standard","meta":{"_acf_changed":false,"footnotes":""},"categories":[8,1],"tags":[875,202,246],"coauthors":[],"class_list":["post-13536","post","type-post","status-publish","format-standard","has-post-thumbnail","hentry","category-noticia","category-sancti-spiritus","tag-aves","tag-fauna","tag-flora-y-fauna"],"acf":[],"_links":{"self":[{"href":"https:\/\/www.radiosanctispiritus.cu\/es\/wp-json\/wp\/v2\/posts\/13536","targetHints":{"allow":["GET"]}}],"collection":[{"href":"https:\/\/www.radiosanctispiritus.cu\/es\/wp-json\/wp\/v2\/posts"}],"about":[{"href":"https:\/\/www.radiosanctispiritus.cu\/es\/wp-json\/wp\/v2\/types\/post"}],"author":[{"embeddable":true,"href":"https:\/\/www.radiosanctispiritus.cu\/es\/wp-json\/wp\/v2\/users\/22"}],"replies":[{"embeddable":true,"href":"https:\/\/www.radiosanctispiritus.cu\/es\/wp-json\/wp\/v2\/comments?post=13536"}],"version-history":[{"count":0,"href":"https:\/\/www.radiosanctispiritus.cu\/es\/wp-json\/wp\/v2\/posts\/13536\/revisions"}],"wp:featuredmedia":[{"embeddable":true,"href":"https:\/\/www.radiosanctispiritus.cu\/es\/wp-json\/wp\/v2\/media\/13537"}],"wp:attachment":[{"href":"https:\/\/www.radiosanctispiritus.cu\/es\/wp-json\/wp\/v2\/media?parent=13536"}],"wp:term":[{"taxonomy":"category","embeddable":true,"href":"https:\/\/www.radiosanctispiritus.cu\/es\/wp-json\/wp\/v2\/categories?post=13536"},{"taxonomy":"post_tag","embeddable":true,"href":"https:\/\/www.radiosanctispiritus.cu\/es\/wp-json\/wp\/v2\/tags?post=13536"},{"taxonomy":"author","embeddable":true,"href":"https:\/\/www.radiosanctispiritus.cu\/es\/wp-json\/wp\/v2\/coauthors?post=13536"}],"curies":[{"name":"wp","href":"https:\/\/api.w.org\/{rel}","templated":true}]}}