{"id":13530,"date":"2023-06-29T11:27:43","date_gmt":"2023-06-29T15:27:43","guid":{"rendered":"https:\/\/www.radiosanctispiritus.cu\/es\/?p=13530"},"modified":"2023-06-29T11:27:43","modified_gmt":"2023-06-29T15:27:43","slug":"desmienten-papel-de-eeuu-en-crecimiento-del-sector-no-estatal-en-cuba","status":"publish","type":"post","link":"https:\/\/www.radiosanctispiritus.cu\/es\/desmienten-papel-de-eeuu-en-crecimiento-del-sector-no-estatal-en-cuba\/","title":{"rendered":"Desmienten papel de EEUU en crecimiento del sector no estatal en Cuba"},"content":{"rendered":"<blockquote><p>La subdirectora general para Estados Unidos del Ministerio de Relaciones Exteriores de Cuba, Johana Tablada, desminti\u00f3 este jueves la supuesta responsabilidad de Estados Unidos en el crecimiento del sector privado de la isla.<\/p>\n<p>Tablada aclar\u00f3 en la red social Facebook que ese sector surge y se desarrolla al amparo de las pol\u00edticas de la Revoluci\u00f3n cubana, discutidas y aprobadas por la ciudadan\u00eda, \u00abque adopt\u00f3 lineamientos econ\u00f3micos y un modelo de desarrollo socialista con la participaci\u00f3n de nuevos actores\u00bb.<\/p>\n<p>Adem\u00e1s, agreg\u00f3, se modific\u00f3 la Constituci\u00f3n de la Rep\u00fablica para dar espacio al sector privado sin renunciar a la primac\u00eda del \u00e1mbito p\u00fablico y estatal.<\/p>\n<p>Precis\u00f3 que la naci\u00f3n norte\u00f1a es un gran obst\u00e1culo tanto para los empresarios no estatales cubanos como para los del Estado y subray\u00f3 que ambos grupos sufren las repercusiones de las medidas de Washington contra la isla, la permanencia del cerco econ\u00f3mico, comercial y financiero y la inclusi\u00f3n de Cuba en la unilateral lista de pa\u00edses patrocinadores del terrorismo.<\/p>\n<p>\u00abQue hoy vengan a organizar seminarios y aparentar que son los padrinos de cambios que han saboteado muestra una vez m\u00e1s la naturaleza enga\u00f1osa, injerencias y deshonesta del gobierno de Estados Unidos\u00bb, expres\u00f3 Tablada.<\/p><\/blockquote>\n","protected":false},"excerpt":{"rendered":"<p>La subdirectora general para Estados Unidos del Ministerio de Relaciones Exteriores de Cuba, Johana Tablada, desminti\u00f3 este jueves la supuesta responsabilidad de Estados Unidos en el crecimiento del sector privado de la isla.<\/p>\n","protected":false},"author":22,"featured_media":13531,"comment_status":"open","ping_status":"open","sticky":false,"template":"","format":"standard","meta":{"_acf_changed":false,"footnotes":""},"categories":[3,16,8],"tags":[98,71,457,873,874],"coauthors":[],"class_list":["post-13530","post","type-post","status-publish","format-standard","has-post-thumbnail","hentry","category-cuba","category-economia","category-noticia","tag-cuba-ee-uu","tag-economia","tag-mipymes","tag-sector-no-estatal","tag-trabajo-por-cuenta-propia"],"acf":[],"_links":{"self":[{"href":"https:\/\/www.radiosanctispiritus.cu\/es\/wp-json\/wp\/v2\/posts\/13530","targetHints":{"allow":["GET"]}}],"collection":[{"href":"https:\/\/www.radiosanctispiritus.cu\/es\/wp-json\/wp\/v2\/posts"}],"about":[{"href":"https:\/\/www.radiosanctispiritus.cu\/es\/wp-json\/wp\/v2\/types\/post"}],"author":[{"embeddable":true,"href":"https:\/\/www.radiosanctispiritus.cu\/es\/wp-json\/wp\/v2\/users\/22"}],"replies":[{"embeddable":true,"href":"https:\/\/www.radiosanctispiritus.cu\/es\/wp-json\/wp\/v2\/comments?post=13530"}],"version-history":[{"count":0,"href":"https:\/\/www.radiosanctispiritus.cu\/es\/wp-json\/wp\/v2\/posts\/13530\/revisions"}],"wp:featuredmedia":[{"embeddable":true,"href":"https:\/\/www.radiosanctispiritus.cu\/es\/wp-json\/wp\/v2\/media\/13531"}],"wp:attachment":[{"href":"https:\/\/www.radiosanctispiritus.cu\/es\/wp-json\/wp\/v2\/media?parent=13530"}],"wp:term":[{"taxonomy":"category","embeddable":true,"href":"https:\/\/www.radiosanctispiritus.cu\/es\/wp-json\/wp\/v2\/categories?post=13530"},{"taxonomy":"post_tag","embeddable":true,"href":"https:\/\/www.radiosanctispiritus.cu\/es\/wp-json\/wp\/v2\/tags?post=13530"},{"taxonomy":"author","embeddable":true,"href":"https:\/\/www.radiosanctispiritus.cu\/es\/wp-json\/wp\/v2\/coauthors?post=13530"}],"curies":[{"name":"wp","href":"https:\/\/api.w.org\/{rel}","templated":true}]}}