{"id":12981,"date":"2023-06-14T18:44:21","date_gmt":"2023-06-14T22:44:21","guid":{"rendered":"https:\/\/www.radiosanctispiritus.cu\/es\/?p=12981"},"modified":"2023-06-14T18:45:55","modified_gmt":"2023-06-14T22:45:55","slug":"asisten-raul-y-diaz-canel-a-gala-homenaje-al-che-guevara","status":"publish","type":"post","link":"https:\/\/www.radiosanctispiritus.cu\/es\/asisten-raul-y-diaz-canel-a-gala-homenaje-al-che-guevara\/","title":{"rendered":"Asisten Ra\u00fal y D\u00edaz-Canel a gala homenaje al Che Guevara"},"content":{"rendered":"<p>El General de Ej\u00e9rcito Ra\u00fal Castro Ruz, l\u00edder de la Revoluci\u00f3n cubana, y Miguel D\u00edaz-Canel Berm\u00fadez, Primer Secretario del Comit\u00e9 Central del Partido Comunista de Cuba (PCC) y Presidente de la Rep\u00fablica, asistieron este mi\u00e9rcoles en La Habana a la gala homenaje a Ernesto \u00abChe\u00bb Guevara en el aniversario 95 de su natalicio.<\/p>\n<p>En la ceremonia, que se desarroll\u00f3 en la Sala Universal de las FAR (Fuerzas Armadas Revolucionarias), estuvieron presentes los miembros del Bur\u00f3 Pol\u00edtico Esteban Lazo Hern\u00e1ndez, presidente de la Asamblea Nacional del Poder Popular, y Roberto Morales Ojeda, secretario de Organizaci\u00f3n del Comit\u00e9 Central del PCC, entre otros dirigentes del Estado y el Gobierno.<\/p>\n<p>Corina Mestre, actriz y Premio Nacional de Teatro, declam\u00f3 el poema \u00abCanci\u00f3n antigua al Che Guevara\u00bb, de Mirta Aguirre, mientras que el Coro Entrevoces, dirigido por la maestra Digna Guerra, interpret\u00f3 temas como \u00abEl escaramujo\u00bb y \u00abEl necio\u00bb, del reconocido cantautor cubano Silvio Rodr\u00edguez.<\/p>\n<p>Un momento especial fue la presentaci\u00f3n del propio Silvio Rodr\u00edguez, Premio Nacional de M\u00fasica (2004) y de Cultura Comunitaria (2021), quien a trav\u00e9s de sus canciones, entre ellas \u00abEl dulce abismo\u00bb, mostr\u00f3 su devoci\u00f3n por la figura del comandante que lider\u00f3 la hist\u00f3rica Batalla de Santa Clara en 1958.<\/p>\n<p>La gala, cuyo hilo conductor fueron los versos del poeta chileno Pablo Neruda, sirvi\u00f3 de tributo al Lugarteniente General Antonio Maceo Grajales, a 178 a\u00f1os de su natalicio este 14 de junio.<\/p>\n<p>Con la canci\u00f3n \u00abHombre\u00bb, de Silvio, la Compa\u00f1\u00eda de Teatro Infantil La Colmenita recorri\u00f3 los momentos m\u00e1s \u00edntimos y familiares del Guerrillero Heroico, su epistolario, la relaci\u00f3n con su madre y sus viajes en bicicleta por Am\u00e9rica del Sur, donde conoci\u00f3 las condiciones de vida de las clases empobrecidas.<\/p>\n<p>Se record\u00f3 tambi\u00e9n su incorporaci\u00f3n a la guerra de liberaci\u00f3n en Cuba, junto al Comandante en Jefe Fidel Castro Ruz, y su contribuci\u00f3n al triunfo definitivo de la Revoluci\u00f3n en 1959.<\/p>\n<p>De la trayectoria del autor de <em>El socialismo y el hombre en Cuba<\/em> se evoc\u00f3 su impulso al primer trabajo voluntario, su cercan\u00eda con los obreros, sus marchas junto al pueblo combatiente y sus vibrantes discursos ante la Organizaci\u00f3n de las Naciones Unidas en los que dej\u00f3 en alto el nombre del pa\u00eds caribe\u00f1o.<\/p>\n<p>Al homenaje por el aniversario 95 del nacimiento del Che asistieron tambi\u00e9n Aleida March, directora del Centro de Estudios \u00abChe Guevara\u00bb, y Aleida y Celia Guevara March, hijas del Guerrillero Heroico.<\/p>\n<p>Participaron, adem\u00e1s, Rogelio Polanco Fuentes, miembro del Secretariado del Comit\u00e9 Central del PCC y jefe del Departamento Ideol\u00f3gico, e In\u00e9s Mar\u00eda Chapman Waugh, vice primera ministra de la Rep\u00fablica.<\/p>\n","protected":false},"excerpt":{"rendered":"<p>El General de Ej\u00e9rcito Ra\u00fal Castro Ruz, l\u00edder de la Revoluci\u00f3n cubana, y Miguel D\u00edaz-Canel Berm\u00fadez, Primer Secretario del Comit\u00e9 Central del Partido Comunista de Cuba (PCC) y Presidente de la Rep\u00fablica, asistieron este mi\u00e9rcoles en La Habana a la gala homenaje a Ernesto \u00abChe\u00bb Guevara en el aniversario 95 de su natalicio.<\/p>\n","protected":false},"author":123,"featured_media":12982,"comment_status":"open","ping_status":"open","sticky":false,"template":"","format":"standard","meta":{"_acf_changed":false,"footnotes":""},"categories":[3,8],"tags":[855,441,28,87],"coauthors":[],"class_list":["post-12981","post","type-post","status-publish","format-standard","has-post-thumbnail","hentry","category-cuba","category-noticia","tag-antonio-maceo","tag-ernesto-che-guevara","tag-miguel-diaz-canel","tag-raul-castro"],"acf":[],"_links":{"self":[{"href":"https:\/\/www.radiosanctispiritus.cu\/es\/wp-json\/wp\/v2\/posts\/12981","targetHints":{"allow":["GET"]}}],"collection":[{"href":"https:\/\/www.radiosanctispiritus.cu\/es\/wp-json\/wp\/v2\/posts"}],"about":[{"href":"https:\/\/www.radiosanctispiritus.cu\/es\/wp-json\/wp\/v2\/types\/post"}],"author":[{"embeddable":true,"href":"https:\/\/www.radiosanctispiritus.cu\/es\/wp-json\/wp\/v2\/users\/123"}],"replies":[{"embeddable":true,"href":"https:\/\/www.radiosanctispiritus.cu\/es\/wp-json\/wp\/v2\/comments?post=12981"}],"version-history":[{"count":0,"href":"https:\/\/www.radiosanctispiritus.cu\/es\/wp-json\/wp\/v2\/posts\/12981\/revisions"}],"wp:featuredmedia":[{"embeddable":true,"href":"https:\/\/www.radiosanctispiritus.cu\/es\/wp-json\/wp\/v2\/media\/12982"}],"wp:attachment":[{"href":"https:\/\/www.radiosanctispiritus.cu\/es\/wp-json\/wp\/v2\/media?parent=12981"}],"wp:term":[{"taxonomy":"category","embeddable":true,"href":"https:\/\/www.radiosanctispiritus.cu\/es\/wp-json\/wp\/v2\/categories?post=12981"},{"taxonomy":"post_tag","embeddable":true,"href":"https:\/\/www.radiosanctispiritus.cu\/es\/wp-json\/wp\/v2\/tags?post=12981"},{"taxonomy":"author","embeddable":true,"href":"https:\/\/www.radiosanctispiritus.cu\/es\/wp-json\/wp\/v2\/coauthors?post=12981"}],"curies":[{"name":"wp","href":"https:\/\/api.w.org\/{rel}","templated":true}]}}