{"id":12629,"date":"2023-06-06T16:27:07","date_gmt":"2023-06-06T20:27:07","guid":{"rendered":"https:\/\/www.radiosanctispiritus.cu\/es\/?p=12629"},"modified":"2023-06-06T16:28:27","modified_gmt":"2023-06-06T20:28:27","slug":"fuerzas-del-minint-esclarecen-robo-con-fuerza-en-tuinucu","status":"publish","type":"post","link":"https:\/\/www.radiosanctispiritus.cu\/es\/fuerzas-del-minint-esclarecen-robo-con-fuerza-en-tuinucu\/","title":{"rendered":"Fuerzas del Minint esclarecen robo con fuerza en Tuinuc\u00fa"},"content":{"rendered":"<p>La r\u00e1pida actuaci\u00f3n de las fuerzas del Ministerio del Interior en Taguasco, junto a la colaboraci\u00f3n de los vecinos del Consejo Popular de Tuinuc\u00fa, posibilitaron la captura del autor del robo con fuerza en garaje aleda\u00f1o a los edificios de la comunidad, por el cual se sustrajo una motocicleta que fue posible devolver a su propietario este martes 6 junio, en acto de masas.<\/p>\n<audio class=\"wp-audio-shortcode\" id=\"audio-12629-1\" preload=\"none\" style=\"width: 100%;\" controls=\"controls\"><source type=\"audio\/mpeg\" src=\"https:\/\/www.ivoox.com\/fuerzas-del-minint-esclarecen-robo-fuerza-en_md_109856748_wp_1.mp3?_=1\" \/><a href=\"https:\/\/www.ivoox.com\/fuerzas-del-minint-esclarecen-robo-fuerza-en_md_109856748_wp_1.mp3\" target=\"_blank\" rel=\"noopener\">https:\/\/www.ivoox.com\/fuerzas-del-minint-esclarecen-robo-fuerza-en_md_109856748_wp_1.mp3<\/a><\/audio>\n<p>&nbsp;<\/p>\n","protected":false},"excerpt":{"rendered":"<p>La r\u00e1pida actuaci\u00f3n de las fuerzas del Ministerio del Interior en Taguasco, junto a la colaboraci\u00f3n de los vecinos del Consejo Popular de Tuinuc\u00fa, posibilitaron la captura del autor del robo con fuerza en garaje aleda\u00f1o a los edificios de la comunidad, por el cual se sustrajo una motocicleta que fue posible devolver a su propietario este martes 6 junio, en acto de masas.<\/p>\n","protected":false},"author":17,"featured_media":12630,"comment_status":"open","ping_status":"open","sticky":false,"template":"","format":"standard","meta":{"_acf_changed":false,"footnotes":""},"categories":[9,8],"tags":[],"coauthors":[],"class_list":["post-12629","post","type-post","status-publish","format-standard","has-post-thumbnail","hentry","category-en-audio","category-noticia"],"acf":[],"_links":{"self":[{"href":"https:\/\/www.radiosanctispiritus.cu\/es\/wp-json\/wp\/v2\/posts\/12629","targetHints":{"allow":["GET"]}}],"collection":[{"href":"https:\/\/www.radiosanctispiritus.cu\/es\/wp-json\/wp\/v2\/posts"}],"about":[{"href":"https:\/\/www.radiosanctispiritus.cu\/es\/wp-json\/wp\/v2\/types\/post"}],"author":[{"embeddable":true,"href":"https:\/\/www.radiosanctispiritus.cu\/es\/wp-json\/wp\/v2\/users\/17"}],"replies":[{"embeddable":true,"href":"https:\/\/www.radiosanctispiritus.cu\/es\/wp-json\/wp\/v2\/comments?post=12629"}],"version-history":[{"count":0,"href":"https:\/\/www.radiosanctispiritus.cu\/es\/wp-json\/wp\/v2\/posts\/12629\/revisions"}],"wp:featuredmedia":[{"embeddable":true,"href":"https:\/\/www.radiosanctispiritus.cu\/es\/wp-json\/wp\/v2\/media\/12630"}],"wp:attachment":[{"href":"https:\/\/www.radiosanctispiritus.cu\/es\/wp-json\/wp\/v2\/media?parent=12629"}],"wp:term":[{"taxonomy":"category","embeddable":true,"href":"https:\/\/www.radiosanctispiritus.cu\/es\/wp-json\/wp\/v2\/categories?post=12629"},{"taxonomy":"post_tag","embeddable":true,"href":"https:\/\/www.radiosanctispiritus.cu\/es\/wp-json\/wp\/v2\/tags?post=12629"},{"taxonomy":"author","embeddable":true,"href":"https:\/\/www.radiosanctispiritus.cu\/es\/wp-json\/wp\/v2\/coauthors?post=12629"}],"curies":[{"name":"wp","href":"https:\/\/api.w.org\/{rel}","templated":true}]}}