{"id":12495,"date":"2023-06-02T21:59:54","date_gmt":"2023-06-03T01:59:54","guid":{"rendered":"https:\/\/www.radiosanctispiritus.cu\/es\/?p=12495"},"modified":"2023-06-02T22:00:48","modified_gmt":"2023-06-03T02:00:48","slug":"exposiciones-fotograficas-se-suman-a-homenaje-a-sancti-spiritus","status":"publish","type":"post","link":"https:\/\/www.radiosanctispiritus.cu\/es\/exposiciones-fotograficas-se-suman-a-homenaje-a-sancti-spiritus\/","title":{"rendered":"Exposiciones fotogr\u00e1ficas se suman a homenaje a Sancti Sp\u00edritus"},"content":{"rendered":"<p>La c\u00e9ntrica galer\u00eda de arte Oscar Fern\u00e1ndez-Morera de esta ciudad patrimonial se engalan\u00f3 este viernes con exposiciones fotogr\u00e1ficas y obras art\u00edsticas que rinden honores al aniversario 509 de la fundaci\u00f3n de la cuarta villa de Cuba.<\/p>\n<p>Acoge la instituci\u00f3n cultural dos muestras del periodista y fot\u00f3grafo Ra\u00fal Garc\u00eda (Garal), delegado de la Corresponsal\u00eda de Prensa Latina en predios espirituanos, y al XXV Sal\u00f3n de la Ciudad, con obras de destacados artistas audiovisuales.<\/p>\n<p>Juan Eduardo Bernal, presidente de la filial espirituana de la Sociedad Cultural Jos\u00e9 Mart\u00ed, hizo uso de la palabra al quedar inaugurada la exposici\u00f3n de Garal titulada Sancti Sp\u00edritus desde el cielo, donde se exhiben unas 10 instant\u00e1neas a\u00e9reas de gran formato.<\/p>\n<p>\u201cEstas muestras (\u2026) resultan del sobrevuelo de la ciudad espirituana, que est\u00e1 cumpliendo su aniversario 509 y no se resigna a ofrecer indicios de desmayo, porque siempre expresa pruebas tangibles de las fortalezas de la memoria\u201d, expuso Bernal.<\/p>\n<p>M\u00e1s adelante, el destacado intelectual expres\u00f3 que \u201cLa fotograf\u00eda a\u00e9rea, al servicio de intereses cient\u00edficos y militares, en este empe\u00f1o de Ra\u00fal Garc\u00eda representa una voluntad diferente porque convida a la cita amorosa con la ciudad\u201d.<\/p>\n<p>\u201cEn estas obras la ciudad y su tiempo detenido (\u2026) las dimensiones y perfiles de otra \u00e9poca, la multiplicidad de tejas enrojecidas por el fuego y oscurecidas por el tiempo, que refuerzan la imagen colonial de una ciudad resistente al curso de los a\u00f1os\u201d, agreg\u00f3.<\/p>\n<p><img decoding=\"async\" class=\"alignnone size-medium wp-image-12501\" src=\"https:\/\/www.radiosanctispiritus.cu\/es\/wp-content\/uploads\/Expo-Garal-600x449.jpg\" alt=\"\" width=\"600\" height=\"449\" srcset=\"https:\/\/www.radiosanctispiritus.cu\/es\/wp-content\/uploads\/Expo-Garal-600x449.jpg 600w, https:\/\/www.radiosanctispiritus.cu\/es\/wp-content\/uploads\/Expo-Garal.jpg 641w\" sizes=\"(max-width: 600px) 100vw, 600px\" \/><\/p>\n<p>\u201cDesde la altura, la ciudad se entrega (\u2026) Estas fotos son espont\u00e1neas ofrendas a un espacio irreductible y amoroso, que agradece al autor, como nosotros, el impulso incontenible de su vocaci\u00f3n y singular apego\u201d, concluy\u00f3.<\/p>\n<p>En tanto, Roberto Vitlloch, director de la Oficina del Conservador de la Ciudad de Sancti Sp\u00edritus, se refiri\u00f3 a los 60 a\u00f1os de profesi\u00f3n de Garal y a los 80 de vida, a celebrarlo en diciembre pr\u00f3ximo, as\u00ed como a su trayectoria period\u00edstica y como escritor.<\/p>\n<p>Record\u00f3 que este artista del lente ha sido nominado en m\u00e1s de 14 ocasiones al Premio Nacional de Periodismo Jos\u00e9 Mart\u00ed por la obra de la vida y resalt\u00f3 su labor fotogr\u00e1fica en actividades donde estaba presente el l\u00edder hist\u00f3rico de la Revoluci\u00f3n cubana Fidel Castro.<\/p>\n<p>La otra muestra de Garal, expuesta al p\u00fablico tambi\u00e9n en la citada galer\u00eda, lleva por t\u00edtulo Retazos, en la cual sobresalen detalles que caracterizan a esta a\u00f1eja ciudad, otrora villa del Esp\u00edritu Santo, como las aldabas, verjas y puertas coloniales.<\/p>\n<p>A la inauguraci\u00f3n de Sancti Sp\u00edritus desde el cielo, amenizada por el grupo Vocal Imago, asistieron entre otros, Yariel Hern\u00e1ndez, jefe del Departamento Ideol\u00f3gico del Comit\u00e9 Provincial del Partido, y Humberto Concepci\u00f3n, presidente aqu\u00ed de la Uni\u00f3n de Periodistas de Cuba.<\/p>\n","protected":false},"excerpt":{"rendered":"<p>La c\u00e9ntrica galer\u00eda de arte Oscar Fern\u00e1ndez-Morera de esta ciudad patrimonial se engalan\u00f3 este viernes con exposiciones fotogr\u00e1ficas y obras art\u00edsticas que rinden honores al aniversario 509 de la fundaci\u00f3n de la cuarta villa de Cuba.<\/p>\n","protected":false},"author":22,"featured_media":12496,"comment_status":"open","ping_status":"open","sticky":false,"template":"","format":"standard","meta":{"_acf_changed":false,"footnotes":""},"categories":[6,8],"tags":[694,68],"coauthors":[],"class_list":["post-12495","post","type-post","status-publish","format-standard","has-post-thumbnail","hentry","category-cultura","category-noticia","tag-garal","tag-oficina-del-conservador-de-la-ciudad-de-sancti-spiritus"],"acf":[],"_links":{"self":[{"href":"https:\/\/www.radiosanctispiritus.cu\/es\/wp-json\/wp\/v2\/posts\/12495","targetHints":{"allow":["GET"]}}],"collection":[{"href":"https:\/\/www.radiosanctispiritus.cu\/es\/wp-json\/wp\/v2\/posts"}],"about":[{"href":"https:\/\/www.radiosanctispiritus.cu\/es\/wp-json\/wp\/v2\/types\/post"}],"author":[{"embeddable":true,"href":"https:\/\/www.radiosanctispiritus.cu\/es\/wp-json\/wp\/v2\/users\/22"}],"replies":[{"embeddable":true,"href":"https:\/\/www.radiosanctispiritus.cu\/es\/wp-json\/wp\/v2\/comments?post=12495"}],"version-history":[{"count":0,"href":"https:\/\/www.radiosanctispiritus.cu\/es\/wp-json\/wp\/v2\/posts\/12495\/revisions"}],"wp:featuredmedia":[{"embeddable":true,"href":"https:\/\/www.radiosanctispiritus.cu\/es\/wp-json\/wp\/v2\/media\/12496"}],"wp:attachment":[{"href":"https:\/\/www.radiosanctispiritus.cu\/es\/wp-json\/wp\/v2\/media?parent=12495"}],"wp:term":[{"taxonomy":"category","embeddable":true,"href":"https:\/\/www.radiosanctispiritus.cu\/es\/wp-json\/wp\/v2\/categories?post=12495"},{"taxonomy":"post_tag","embeddable":true,"href":"https:\/\/www.radiosanctispiritus.cu\/es\/wp-json\/wp\/v2\/tags?post=12495"},{"taxonomy":"author","embeddable":true,"href":"https:\/\/www.radiosanctispiritus.cu\/es\/wp-json\/wp\/v2\/coauthors?post=12495"}],"curies":[{"name":"wp","href":"https:\/\/api.w.org\/{rel}","templated":true}]}}