{"id":11582,"date":"2023-05-12T22:32:44","date_gmt":"2023-05-13T02:32:44","guid":{"rendered":"https:\/\/www.radiosanctispiritus.cu\/es\/?p=11582"},"modified":"2023-05-12T22:32:44","modified_gmt":"2023-05-13T02:32:44","slug":"abogan-en-sancti-spiritus-por-metodos-diferentes-para-ensenar-la-historia","status":"publish","type":"post","link":"https:\/\/www.radiosanctispiritus.cu\/es\/abogan-en-sancti-spiritus-por-metodos-diferentes-para-ensenar-la-historia\/","title":{"rendered":"Abogan en Sancti Sp\u00edritus por m\u00e9todos diferentes para ense\u00f1ar la Historia"},"content":{"rendered":"<p>Pensar m\u00e9todos diferentes en la ense\u00f1anza de las figuras y procesos hist\u00f3ricos y fomentar su estudio desde edades tempranas fue premisa del II Taller Nacional de Historia, Marxismo-Leninismo y Educaci\u00f3n para la Vida Ciudadana, que sesion\u00f3 este viernes en Sancti Sp\u00edritus como parte de un encuentro que aconteci\u00f3 en toda Cuba.<\/p>\n<p>Al intervenir ante estudiantes, profesores y representantes de centros, organismos y de las universidades espirituanas de Ciencias M\u00e9dicas y Jos\u00e9 Mart\u00ed P\u00e9rez, Ysrael Coca Monteagudo, presidente de la Comisi\u00f3n Provincial de Historia, Cultura Pol\u00edtica y Educaci\u00f3n Ciudadana, insisti\u00f3 en la urgencia de elevar la calidad del proceso educativo en estas especialidades y perfeccionar la orientaci\u00f3n vocacional.<\/p>\n<p>En un contexto de permanente guerra medi\u00e1tica y de s\u00edmbolos, el reconocido profesional llam\u00f3 la atenci\u00f3n sobre las matr\u00edculas en estos perfiles; mientras, subray\u00f3 la importancia de fortalecer la labor de los metod\u00f3logos y, con ellos, la preparaci\u00f3n integral de quienes asumen la docencia en estos campos.<\/p>\n<p>Con un enfoque basado, principalmente, en la ense\u00f1anza, la investigaci\u00f3n y la comunicaci\u00f3n en funci\u00f3n del proceso educativo, esta segunda edici\u00f3n del evento es parte esencial de una estrategia de Cuba enfocada en el fortalecimiento de estas disciplinas, vitales en la formaci\u00f3n de valores patri\u00f3ticos, humanistas y revolucionarios en los m\u00e1s j\u00f3venes.<\/p>\n<p>De acuerdo con los participantes reunidos en la universidad Jos\u00e9 Mart\u00ed P\u00e9rez, aun cuando se han dado pasos de avance, es imprescindible que los maestros y profesores contin\u00faen incorporando los nuevos c\u00f3digos digitales como una forma de propiciar un mayor acercamiento a los educandos.<\/p>\n<p>Gracias a su constancia y dedicaci\u00f3n, pedagogos de esta regi\u00f3n central recibieron el eterno reconocimiento de sus colegas, de investigadores e historiadores, dentro de ellos, Sonia Ort\u00edz Amar\u00f3, de la Escuela Provincial del Partido Comunista de Cuba, profesora de varias generaciones de espirituanos.<\/p>\n<p>La Delegaci\u00f3n del Ministerio de Ciencia, Tecnolog\u00eda y Medio Ambiente en Sancti Sp\u00edritus, las escuelas pedag\u00f3gicas y de Iniciaci\u00f3n Deportiva Lino Salabarr\u00eda Pupo estuvieron adem\u00e1s entre las instituciones que intervinieron en la cita.<\/p>\n","protected":false},"excerpt":{"rendered":"<p>Aun cuando se han dado pasos de avance, es imprescindible que los maestros y profesores contin\u00faen incorporando los nuevos c\u00f3digos digitales como una forma de propiciar un mayor acercamiento a los educandos.<\/p>\n","protected":false},"author":123,"featured_media":11583,"comment_status":"open","ping_status":"open","sticky":false,"template":"","format":"standard","meta":{"_acf_changed":false,"footnotes":""},"categories":[14,8,1],"tags":[806,510,656,217],"coauthors":[],"class_list":["post-11582","post","type-post","status-publish","format-standard","has-post-thumbnail","hentry","category-educacion","category-noticia","category-sancti-spiritus","tag-ensenanza","tag-historia","tag-uniss","tag-universidad"],"acf":[],"_links":{"self":[{"href":"https:\/\/www.radiosanctispiritus.cu\/es\/wp-json\/wp\/v2\/posts\/11582","targetHints":{"allow":["GET"]}}],"collection":[{"href":"https:\/\/www.radiosanctispiritus.cu\/es\/wp-json\/wp\/v2\/posts"}],"about":[{"href":"https:\/\/www.radiosanctispiritus.cu\/es\/wp-json\/wp\/v2\/types\/post"}],"author":[{"embeddable":true,"href":"https:\/\/www.radiosanctispiritus.cu\/es\/wp-json\/wp\/v2\/users\/123"}],"replies":[{"embeddable":true,"href":"https:\/\/www.radiosanctispiritus.cu\/es\/wp-json\/wp\/v2\/comments?post=11582"}],"version-history":[{"count":0,"href":"https:\/\/www.radiosanctispiritus.cu\/es\/wp-json\/wp\/v2\/posts\/11582\/revisions"}],"wp:featuredmedia":[{"embeddable":true,"href":"https:\/\/www.radiosanctispiritus.cu\/es\/wp-json\/wp\/v2\/media\/11583"}],"wp:attachment":[{"href":"https:\/\/www.radiosanctispiritus.cu\/es\/wp-json\/wp\/v2\/media?parent=11582"}],"wp:term":[{"taxonomy":"category","embeddable":true,"href":"https:\/\/www.radiosanctispiritus.cu\/es\/wp-json\/wp\/v2\/categories?post=11582"},{"taxonomy":"post_tag","embeddable":true,"href":"https:\/\/www.radiosanctispiritus.cu\/es\/wp-json\/wp\/v2\/tags?post=11582"},{"taxonomy":"author","embeddable":true,"href":"https:\/\/www.radiosanctispiritus.cu\/es\/wp-json\/wp\/v2\/coauthors?post=11582"}],"curies":[{"name":"wp","href":"https:\/\/api.w.org\/{rel}","templated":true}]}}