{"id":11549,"date":"2023-05-11T22:35:40","date_gmt":"2023-05-12T02:35:40","guid":{"rendered":"https:\/\/www.radiosanctispiritus.cu\/es\/?p=11549"},"modified":"2023-05-11T22:35:40","modified_gmt":"2023-05-12T02:35:40","slug":"entregan-a-parlamento-cubano-anteproyecto-de-ley-del-codigo-penal-militar","status":"publish","type":"post","link":"https:\/\/www.radiosanctispiritus.cu\/es\/entregan-a-parlamento-cubano-anteproyecto-de-ley-del-codigo-penal-militar\/","title":{"rendered":"Entregan a Parlamento cubano anteproyecto de ley del C\u00f3digo Penal Militar"},"content":{"rendered":"<p>El Tribunal Supremo Popular (TSP) de Cuba entreg\u00f3 este jueves a la Asamblea Nacional del Poder Popular (Parlamento) el anteproyecto de ley del C\u00f3digo Penal Militar.<\/p>\n<p>En ceremonia realizada en La Habana, el presidente del TSP, Rub\u00e9n Remigio Ferro, hizo llegar los documentos a Esteban Lazo, al frente del \u00f3rgano supremo del poder del Estado.<\/p>\n<p>Con esta acci\u00f3n comienza un profundo y participativo proceso de consultas a magistrados, acad\u00e9micos, diputados y la ciudadan\u00eda, seg\u00fan un reporte de la televisi\u00f3n nacional.<\/p>\n<p>El anteproyecto de ley da continuidad a la reforma judicial y procesal, iniciada en la novena legislatura del Parlamento de la naci\u00f3n caribe\u00f1a.<\/p>\n<p>Lazo subray\u00f3 la obligatoriedad de velar por el estricto cumplimiento de la norma una vez aprobada, as\u00ed como se\u00f1al\u00f3 que en los \u00faltimos a\u00f1os la intensa actividad legislativa en la isla permiti\u00f3 la aprobaci\u00f3n de 35 leyes, como el C\u00f3digo de las Familias y la Ley de Soberan\u00eda y Seguridad Alimentaria.<\/p>\n<p>Agreg\u00f3 que las instituciones encargadas de la aplicaci\u00f3n de la disposici\u00f3n normativa rendir\u00e1n cuenta durante la actual legislatura.<\/p>\n<p>El consejo de Gobierno del Tribunal Supremo Popular ejerci\u00f3 la iniciativa en correspondencia con lo estipulado en el art\u00edculo 164 de la Constituci\u00f3n de la Rep\u00fablica.<\/p>\n","protected":false},"excerpt":{"rendered":"<p>El anteproyecto de ley da continuidad a la reforma judicial y procesal, iniciada en la novena legislatura del Parlamento de la naci\u00f3n caribe\u00f1a.<\/p>\n","protected":false},"author":22,"featured_media":11550,"comment_status":"open","ping_status":"open","sticky":false,"template":"","format":"standard","meta":{"_acf_changed":false,"footnotes":""},"categories":[3,8],"tags":[227,272,805],"coauthors":[],"class_list":["post-11549","post","type-post","status-publish","format-standard","has-post-thumbnail","hentry","category-cuba","category-noticia","tag-asamblea-nacional-del-poder-popular","tag-parlamento-cubano","tag-tribunal-supremo"],"acf":[],"_links":{"self":[{"href":"https:\/\/www.radiosanctispiritus.cu\/es\/wp-json\/wp\/v2\/posts\/11549","targetHints":{"allow":["GET"]}}],"collection":[{"href":"https:\/\/www.radiosanctispiritus.cu\/es\/wp-json\/wp\/v2\/posts"}],"about":[{"href":"https:\/\/www.radiosanctispiritus.cu\/es\/wp-json\/wp\/v2\/types\/post"}],"author":[{"embeddable":true,"href":"https:\/\/www.radiosanctispiritus.cu\/es\/wp-json\/wp\/v2\/users\/22"}],"replies":[{"embeddable":true,"href":"https:\/\/www.radiosanctispiritus.cu\/es\/wp-json\/wp\/v2\/comments?post=11549"}],"version-history":[{"count":0,"href":"https:\/\/www.radiosanctispiritus.cu\/es\/wp-json\/wp\/v2\/posts\/11549\/revisions"}],"wp:featuredmedia":[{"embeddable":true,"href":"https:\/\/www.radiosanctispiritus.cu\/es\/wp-json\/wp\/v2\/media\/11550"}],"wp:attachment":[{"href":"https:\/\/www.radiosanctispiritus.cu\/es\/wp-json\/wp\/v2\/media?parent=11549"}],"wp:term":[{"taxonomy":"category","embeddable":true,"href":"https:\/\/www.radiosanctispiritus.cu\/es\/wp-json\/wp\/v2\/categories?post=11549"},{"taxonomy":"post_tag","embeddable":true,"href":"https:\/\/www.radiosanctispiritus.cu\/es\/wp-json\/wp\/v2\/tags?post=11549"},{"taxonomy":"author","embeddable":true,"href":"https:\/\/www.radiosanctispiritus.cu\/es\/wp-json\/wp\/v2\/coauthors?post=11549"}],"curies":[{"name":"wp","href":"https:\/\/api.w.org\/{rel}","templated":true}]}}