{"id":11093,"date":"2023-05-01T22:00:07","date_gmt":"2023-05-02T02:00:07","guid":{"rendered":"https:\/\/www.radiosanctispiritus.cu\/es\/?p=11093"},"modified":"2023-05-01T22:00:07","modified_gmt":"2023-05-02T02:00:07","slug":"incidente-no-detiene-operaciones-en-base-de-supertanqueros","status":"publish","type":"post","link":"https:\/\/www.radiosanctispiritus.cu\/es\/incidente-no-detiene-operaciones-en-base-de-supertanqueros\/","title":{"rendered":"Incidente no detiene operaciones en Base de Supertanqueros"},"content":{"rendered":"<p>No hay heridos y contamos con todas las facilidades para operar sin dificultad, asegur\u00f3 este lunes Rigel Rodr\u00edguez Cubells, director de la Divisi\u00f3n Territorial de Comercializaci\u00f3n de Combustibles Matanzas, tras el control de un incendio ocurrido en una bomba de combustible en la Base de Supertanqueros local.<\/p>\n<p>Argument\u00f3 el directivo que a las 18 y 40 horas de este lunes fue detectado por los operarios del \u00e1rea un peque\u00f1o incendio en el motor y bomba del objeto 104 que se encontraba en operaciones, inmediatamente se activaron los planes de emergencia y aviso, se incorpor\u00f3 la brigada contra incendios de los muelles y en 10 minutos el cuerpo de Bomberos.<\/p>\n<p>A las 19:20 se extingui\u00f3 totalmente el fuego; no se observan grandes da\u00f1os ni en la instalaci\u00f3n ni tampoco en la bomba, pero a partir de que se enfr\u00ede el lugar un equipo t\u00e9cnico valorar\u00e1 para determinar causas y soluciones a los equipos que pudieran tener afectaciones, a\u00f1adi\u00f3 Rodr\u00edguez Cubells.<\/p>\n<p>Se trata de una bomba dedicada al trasiego de di\u00e9sel, entre tanques y buques, que realizaba una operaci\u00f3n habitual, coment\u00f3, y asegur\u00f3 luego que esta afectaci\u00f3n no detiene la operatividad de la Base porque cuentan con otra bomba e instalaciones.<\/p>\n<p>Recalc\u00f3 Rodr\u00edguez Cubells que el incidente en la bomba no ocurre con alta frecuencia y, en este caso, se tomaron las medidas correspondientes para controlar la situaci\u00f3n con agilidad.<\/p>\n<p>El incendio en la bomba del objeto 104 despert\u00f3 las alarmas de pobladores cercanos a la zona y usuarios en las redes sociales, sobre todo por el antecedente del siniestro de agosto de 2022, cuando un incendio de grandes proporciones conllev\u00f3 a la muerte de 18 personas.<\/p>\n","protected":false},"excerpt":{"rendered":"<p>No se observan grandes da\u00f1os ni en la instalaci\u00f3n ni tampoco en la bomba. Esta afectaci\u00f3n no detiene la operatividad de la Base porque cuentan con otra bomba e instalaciones.<\/p>\n","protected":false},"author":123,"featured_media":11094,"comment_status":"open","ping_status":"open","sticky":false,"template":"","format":"standard","meta":{"_acf_changed":false,"footnotes":""},"categories":[3,8],"tags":[162,134,135],"coauthors":[],"class_list":["post-11093","post","type-post","status-publish","format-standard","has-post-thumbnail","hentry","category-cuba","category-noticia","tag-base-de-supertanqueros","tag-incendio","tag-matanzas"],"acf":[],"_links":{"self":[{"href":"https:\/\/www.radiosanctispiritus.cu\/es\/wp-json\/wp\/v2\/posts\/11093","targetHints":{"allow":["GET"]}}],"collection":[{"href":"https:\/\/www.radiosanctispiritus.cu\/es\/wp-json\/wp\/v2\/posts"}],"about":[{"href":"https:\/\/www.radiosanctispiritus.cu\/es\/wp-json\/wp\/v2\/types\/post"}],"author":[{"embeddable":true,"href":"https:\/\/www.radiosanctispiritus.cu\/es\/wp-json\/wp\/v2\/users\/123"}],"replies":[{"embeddable":true,"href":"https:\/\/www.radiosanctispiritus.cu\/es\/wp-json\/wp\/v2\/comments?post=11093"}],"version-history":[{"count":0,"href":"https:\/\/www.radiosanctispiritus.cu\/es\/wp-json\/wp\/v2\/posts\/11093\/revisions"}],"wp:featuredmedia":[{"embeddable":true,"href":"https:\/\/www.radiosanctispiritus.cu\/es\/wp-json\/wp\/v2\/media\/11094"}],"wp:attachment":[{"href":"https:\/\/www.radiosanctispiritus.cu\/es\/wp-json\/wp\/v2\/media?parent=11093"}],"wp:term":[{"taxonomy":"category","embeddable":true,"href":"https:\/\/www.radiosanctispiritus.cu\/es\/wp-json\/wp\/v2\/categories?post=11093"},{"taxonomy":"post_tag","embeddable":true,"href":"https:\/\/www.radiosanctispiritus.cu\/es\/wp-json\/wp\/v2\/tags?post=11093"},{"taxonomy":"author","embeddable":true,"href":"https:\/\/www.radiosanctispiritus.cu\/es\/wp-json\/wp\/v2\/coauthors?post=11093"}],"curies":[{"name":"wp","href":"https:\/\/api.w.org\/{rel}","templated":true}]}}