{"id":11035,"date":"2023-04-30T13:30:55","date_gmt":"2023-04-30T17:30:55","guid":{"rendered":"https:\/\/www.radiosanctispiritus.cu\/es\/?p=11035"},"modified":"2023-04-30T16:17:54","modified_gmt":"2023-04-30T20:17:54","slug":"magia-de-recreacion-en-sierra-las-damas","status":"publish","type":"post","link":"https:\/\/www.radiosanctispiritus.cu\/es\/magia-de-recreacion-en-sierra-las-damas\/","title":{"rendered":"Magia de recreaci\u00f3n en Sierra Las Damas"},"content":{"rendered":"<p>El centro recreativo Sierra de Las Damas, de la Empresa de Flora y Fauna de esta central provincia, es considerado uno de los lugares de mayor atracci\u00f3n del turismo de naturaleza en esta zona del pa\u00eds.<\/p>\n<p>Prensa Latina visit\u00f3 la cumbre donde la diversidad del medio la integra una frondosa vegetaci\u00f3n entre rocas calizas con presencia de variedad de aves, algunas en peligro de extinci\u00f3n, dividida por el caudaloso R\u00edo Zaza, principal aportador a la mayor obra hidr\u00e1ulica de Cuba.<\/p>\n<p>Las instalaciones, al pie de la sierra fueron creadas con la tradici\u00f3n del campo cubano y atendiendo a leyendas que aun viven entre los residentes de la zona, como la historia del ermita\u00f1o Ca\u00f1ambr\u00fa o El Hombre Rojo, Teodoro San Gil, m\u00e1gico, misterioso y amante de la guitarra y el tres<\/p>\n<p>El lograr el Premio Provincial de Conservaci\u00f3n, que se otorga por el D\u00eda Internacional de los Monumentos y Sitios, para la direcci\u00f3n de Flora y Fauna implica el compromiso de continuar la labor de preservaci\u00f3n de este reposo natural de esparcimiento familiar, grupo de amigos y visitantes extranjeros.<\/p>\n<p>Sus senderos conducen a las cavernas -unas 25 descubiertas hasta ahora- con diversidad de formaciones, se puede disfrutar tambi\u00e9n de la recreaci\u00f3n acu\u00e1tica, actividades ecuestres, la observaci\u00f3n de aves, el voleibol de playa y la oferta de comida criolla.<\/p>\n<p>Frente a este sitio est\u00e1 la loma de El Ca\u00f1\u00f3n, lugar elegido por el Mayor General Seraf\u00edn S\u00e1nchez Valdivia, paradigma espirituano, para el establecimiento de su Cuartel General durante la Guerra de Independencia, en 1896.<\/p>\n<p>Esta comarca se acompa\u00f1a de los recuerdos de la ca\u00edda en el conocido Paso de las Damas, del insigne General de las Tres guerras de independencia, amigo y confidente del H\u00e9roe Nacional Jos\u00e9 Marti, 18 de noviembre de 1896.<\/p>\n","protected":false},"excerpt":{"rendered":"<p>El centro recreativo Sierra de Las Damas, de la Empresa de Flora y Fauna de esta central provincia, es considerado uno de los lugares de mayor atracci\u00f3n del turismo de naturaleza en esta zona del pa\u00eds.<\/p>\n","protected":false},"author":22,"featured_media":11036,"comment_status":"open","ping_status":"open","sticky":false,"template":"","format":"standard","meta":{"_acf_changed":false,"footnotes":""},"categories":[8,1],"tags":[246,32],"coauthors":[],"class_list":["post-11035","post","type-post","status-publish","format-standard","has-post-thumbnail","hentry","category-noticia","category-sancti-spiritus","tag-flora-y-fauna","tag-patrimonio"],"acf":[],"_links":{"self":[{"href":"https:\/\/www.radiosanctispiritus.cu\/es\/wp-json\/wp\/v2\/posts\/11035","targetHints":{"allow":["GET"]}}],"collection":[{"href":"https:\/\/www.radiosanctispiritus.cu\/es\/wp-json\/wp\/v2\/posts"}],"about":[{"href":"https:\/\/www.radiosanctispiritus.cu\/es\/wp-json\/wp\/v2\/types\/post"}],"author":[{"embeddable":true,"href":"https:\/\/www.radiosanctispiritus.cu\/es\/wp-json\/wp\/v2\/users\/22"}],"replies":[{"embeddable":true,"href":"https:\/\/www.radiosanctispiritus.cu\/es\/wp-json\/wp\/v2\/comments?post=11035"}],"version-history":[{"count":0,"href":"https:\/\/www.radiosanctispiritus.cu\/es\/wp-json\/wp\/v2\/posts\/11035\/revisions"}],"wp:featuredmedia":[{"embeddable":true,"href":"https:\/\/www.radiosanctispiritus.cu\/es\/wp-json\/wp\/v2\/media\/11036"}],"wp:attachment":[{"href":"https:\/\/www.radiosanctispiritus.cu\/es\/wp-json\/wp\/v2\/media?parent=11035"}],"wp:term":[{"taxonomy":"category","embeddable":true,"href":"https:\/\/www.radiosanctispiritus.cu\/es\/wp-json\/wp\/v2\/categories?post=11035"},{"taxonomy":"post_tag","embeddable":true,"href":"https:\/\/www.radiosanctispiritus.cu\/es\/wp-json\/wp\/v2\/tags?post=11035"},{"taxonomy":"author","embeddable":true,"href":"https:\/\/www.radiosanctispiritus.cu\/es\/wp-json\/wp\/v2\/coauthors?post=11035"}],"curies":[{"name":"wp","href":"https:\/\/api.w.org\/{rel}","templated":true}]}}