{"id":11029,"date":"2023-04-29T16:28:17","date_gmt":"2023-04-29T20:28:17","guid":{"rendered":"https:\/\/www.radiosanctispiritus.cu\/es\/?p=11029"},"modified":"2023-04-29T16:29:21","modified_gmt":"2023-04-29T20:29:21","slug":"sancti-spiritus-renueva-su-rostro-para-festejar-aniversario","status":"publish","type":"post","link":"https:\/\/www.radiosanctispiritus.cu\/es\/sancti-spiritus-renueva-su-rostro-para-festejar-aniversario\/","title":{"rendered":"Sancti Sp\u00edritus  renueva su rostro para festejar aniversario"},"content":{"rendered":"<p>El centro hist\u00f3rico urbano de Sancti Sp\u00edritus, la cuarta villa de Cuba, Monumento Nacional, renueva hoy su rostro con la pintura de las fachadas de varios inmuebles, para festejar el aniversario 509 de su fundaci\u00f3n.<\/p>\n<p>Esta zona es una de las de mayor concurrencia en la patrimonial localidad, que celebrar\u00e1 dicha efem\u00e9ride en junio pr\u00f3ximo, y donde tambi\u00e9n se alzan con la categor\u00eda de Monumento Nacional la Iglesia Parroquial Mayor y el puente sobre el r\u00edo Yayabo.<\/p>\n<p>La provincia de Sancti Sp\u00edritus cuenta con varios Monumentos Nacionales, de los cuales cinco est\u00e1n enclavados en la cabecera de igual nombre.<\/p>\n<p>Integran la anterior lista la Real C\u00e1rcel y Pueblo Viejo, este \u00faltimo el sitio donde aseguran expertos fue fundada la otrora villa del Esp\u00edritu Santo el 4 de junio de 1514 por Diego Vel\u00e1zquez de Cu\u00e9llar.<\/p>\n<p>El bulevar espirituano se lleva las palmas en el empe\u00f1o de recibir estos 509 a\u00f1os de existencia con centros gastron\u00f3micos, comerciales y de servicios donde sus fachadas exhibir\u00e1n nuevos colores.<\/p>\n<p>La Oficina del Conservador de la Ciudad ejecuta varias inversiones de rehabilitaci\u00f3n en inmuebles ubicados en la transitada arteria, como en los altos de la Plaza del Mercado donde est\u00e1 previsto, una vez concluida la reconstrucci\u00f3n, un sal\u00f3n de convenciones.<\/p>\n<p>Dentro del Plan de Rehabilitaci\u00f3n Integral que impulsa la citada Oficina se realizan acciones de recuperaci\u00f3n del fondo edificado.<\/p>\n<p>Entre los Monumentos Nacionales m\u00e1s conocidos de la provincia figuran el Valle de los Ingenios y la torre Manaca-Iznaga, ambos declarados por la Unesco en 1988 -junto al centro hist\u00f3rico urbano de Trinidad- Patrimonio Cultural de la Humanidad.<\/p>\n<p>En enero \u00faltimo la centro sure\u00f1a ciudad, tercera de las siete primeras villas fundadas en Cuba por los espa\u00f1oles y reconocida por la conservaci\u00f3n de su arquitectura colonial, bellos paisajes, playas y museos, festej\u00f3 el aniversario 509 de su fundaci\u00f3n.<\/p>\n","protected":false},"excerpt":{"rendered":"<p>El centro hist\u00f3rico urbano de Sancti Sp\u00edritus, la cuarta villa de Cuba, Monumento Nacional, renueva hoy su rostro con la pintura de las fachadas de varios inmuebles, para festejar el aniversario 509 de su fundaci\u00f3n.<\/p>\n","protected":false},"author":22,"featured_media":11030,"comment_status":"open","ping_status":"open","sticky":false,"template":"","format":"standard","meta":{"_acf_changed":false,"footnotes":""},"categories":[8,1],"tags":[68],"coauthors":[],"class_list":["post-11029","post","type-post","status-publish","format-standard","has-post-thumbnail","hentry","category-noticia","category-sancti-spiritus","tag-oficina-del-conservador-de-la-ciudad-de-sancti-spiritus"],"acf":[],"_links":{"self":[{"href":"https:\/\/www.radiosanctispiritus.cu\/es\/wp-json\/wp\/v2\/posts\/11029","targetHints":{"allow":["GET"]}}],"collection":[{"href":"https:\/\/www.radiosanctispiritus.cu\/es\/wp-json\/wp\/v2\/posts"}],"about":[{"href":"https:\/\/www.radiosanctispiritus.cu\/es\/wp-json\/wp\/v2\/types\/post"}],"author":[{"embeddable":true,"href":"https:\/\/www.radiosanctispiritus.cu\/es\/wp-json\/wp\/v2\/users\/22"}],"replies":[{"embeddable":true,"href":"https:\/\/www.radiosanctispiritus.cu\/es\/wp-json\/wp\/v2\/comments?post=11029"}],"version-history":[{"count":0,"href":"https:\/\/www.radiosanctispiritus.cu\/es\/wp-json\/wp\/v2\/posts\/11029\/revisions"}],"wp:featuredmedia":[{"embeddable":true,"href":"https:\/\/www.radiosanctispiritus.cu\/es\/wp-json\/wp\/v2\/media\/11030"}],"wp:attachment":[{"href":"https:\/\/www.radiosanctispiritus.cu\/es\/wp-json\/wp\/v2\/media?parent=11029"}],"wp:term":[{"taxonomy":"category","embeddable":true,"href":"https:\/\/www.radiosanctispiritus.cu\/es\/wp-json\/wp\/v2\/categories?post=11029"},{"taxonomy":"post_tag","embeddable":true,"href":"https:\/\/www.radiosanctispiritus.cu\/es\/wp-json\/wp\/v2\/tags?post=11029"},{"taxonomy":"author","embeddable":true,"href":"https:\/\/www.radiosanctispiritus.cu\/es\/wp-json\/wp\/v2\/coauthors?post=11029"}],"curies":[{"name":"wp","href":"https:\/\/api.w.org\/{rel}","templated":true}]}}