{"id":10801,"date":"2023-04-25T00:01:29","date_gmt":"2023-04-25T04:01:29","guid":{"rendered":"https:\/\/www.radiosanctispiritus.cu\/es\/?p=10801"},"modified":"2023-04-25T00:01:29","modified_gmt":"2023-04-25T04:01:29","slug":"ratifica-cuba-compromiso-con-el-multilateralismo","status":"publish","type":"post","link":"https:\/\/www.radiosanctispiritus.cu\/es\/ratifica-cuba-compromiso-con-el-multilateralismo\/","title":{"rendered":"Ratifica Cuba compromiso con el multilateralismo"},"content":{"rendered":"<p>Bruno Rodr\u00edguez Parrilla, ministro de Relaciones Exteriores, ratific\u00f3 este lunes el compromiso de Cuba con el multilateralismo y el respeto a la Carta de las Naciones Unidas y el Derecho Internacional.<\/p>\n<p>A prop\u00f3sito de celebrarse este lunes el D\u00eda Internacional del Multilateralismo y la Diplomacia por la Paz, el Canciller llam\u00f3 en Twitter a preservar la paz y avanzar hacia un mundo m\u00e1s democr\u00e1tico, justo y equitativo.<\/p>\n<p>Dicha fecha se celebra desde 2019 con el objetivo de motivar a los pa\u00edses a seguir colaborando en pro de los temas comunes, llegar a acuerdos y negociaciones, que sean de mutuo beneficio para todos, tal como lo contempla la Agenda 2030 para el desarrollo sostenible.<\/p>\n<p>El multilateralismo, trabajo conjunto de dos o m\u00e1s pa\u00edses para resolver un problema que sea de inter\u00e9s mutuo, est\u00e1 contemplado en la Carta fundacional de las Naciones Unidas y tambi\u00e9n dentro de los principios de resoluci\u00f3n de disputas entre las naciones.<\/p>\n","protected":false},"excerpt":{"rendered":"<p>Bruno Rodr\u00edguez Parrilla, ministro de Relaciones Exteriores, ratific\u00f3 este lunes el compromiso de Cuba con el multilateralismo y el respeto a la Carta de las Naciones Unidas y el Derecho Internacional.<\/p>\n","protected":false},"author":123,"featured_media":10803,"comment_status":"open","ping_status":"open","sticky":false,"template":"","format":"standard","meta":{"_acf_changed":false,"footnotes":""},"categories":[3,8],"tags":[100,413,575],"coauthors":[],"class_list":["post-10801","post","type-post","status-publish","format-standard","has-post-thumbnail","hentry","category-cuba","category-noticia","tag-bruno-rodriguez","tag-cuba-paz","tag-cuba-minrex"],"acf":[],"_links":{"self":[{"href":"https:\/\/www.radiosanctispiritus.cu\/es\/wp-json\/wp\/v2\/posts\/10801","targetHints":{"allow":["GET"]}}],"collection":[{"href":"https:\/\/www.radiosanctispiritus.cu\/es\/wp-json\/wp\/v2\/posts"}],"about":[{"href":"https:\/\/www.radiosanctispiritus.cu\/es\/wp-json\/wp\/v2\/types\/post"}],"author":[{"embeddable":true,"href":"https:\/\/www.radiosanctispiritus.cu\/es\/wp-json\/wp\/v2\/users\/123"}],"replies":[{"embeddable":true,"href":"https:\/\/www.radiosanctispiritus.cu\/es\/wp-json\/wp\/v2\/comments?post=10801"}],"version-history":[{"count":0,"href":"https:\/\/www.radiosanctispiritus.cu\/es\/wp-json\/wp\/v2\/posts\/10801\/revisions"}],"wp:featuredmedia":[{"embeddable":true,"href":"https:\/\/www.radiosanctispiritus.cu\/es\/wp-json\/wp\/v2\/media\/10803"}],"wp:attachment":[{"href":"https:\/\/www.radiosanctispiritus.cu\/es\/wp-json\/wp\/v2\/media?parent=10801"}],"wp:term":[{"taxonomy":"category","embeddable":true,"href":"https:\/\/www.radiosanctispiritus.cu\/es\/wp-json\/wp\/v2\/categories?post=10801"},{"taxonomy":"post_tag","embeddable":true,"href":"https:\/\/www.radiosanctispiritus.cu\/es\/wp-json\/wp\/v2\/tags?post=10801"},{"taxonomy":"author","embeddable":true,"href":"https:\/\/www.radiosanctispiritus.cu\/es\/wp-json\/wp\/v2\/coauthors?post=10801"}],"curies":[{"name":"wp","href":"https:\/\/api.w.org\/{rel}","templated":true}]}}