{"id":10731,"date":"2023-04-22T19:23:49","date_gmt":"2023-04-22T23:23:49","guid":{"rendered":"https:\/\/www.radiosanctispiritus.cu\/es\/?p=10731"},"modified":"2023-04-22T19:26:02","modified_gmt":"2023-04-22T23:26:02","slug":"valora-diaz-canel-recuperacion-tras-paso-del-huracan-ian","status":"publish","type":"post","link":"https:\/\/www.radiosanctispiritus.cu\/es\/valora-diaz-canel-recuperacion-tras-paso-del-huracan-ian\/","title":{"rendered":"Valora D\u00edaz-Canel recuperaci\u00f3n tras paso del hurac\u00e1n Ian"},"content":{"rendered":"<p>El presidente de Cuba, Miguel D\u00edaz-Canel, particip\u00f3 este s\u00e1bado en la evaluaci\u00f3n mensual para analizar las acciones de recuperaci\u00f3n tras el paso del hurac\u00e1n Ian por el occidente del pa\u00eds, en septiembre pasado.<\/p>\n<p>En la reuni\u00f3n se precis\u00f3 que el tema de menor avance es el de la vivienda, sobre todo por la poca disponibilidad de cubiertas, inform\u00f3 la Presidencia en su p\u00e1gina web.<\/p>\n<p>Se explic\u00f3, adem\u00e1s, que esta situaci\u00f3n debe empezar a mejorar en los pr\u00f3ximos d\u00edas a partir de la entrada de un barco con elementos de cubierta, con lo cual se podr\u00e1 ir recuperando una mayor cantidad de viviendas afectadas.<\/p>\n<p>Asociado a las labores para mejorar el abasto de agua en Pinar del R\u00edo, se supo que los avances son considerables y en las pr\u00f3ximas jornadas deben quedar concluidas obras como la conductora del municipio de Minas de Matahambre, al tiempo que se continuar\u00e1 trabajando en las redes internas.<\/p>\n<p>Sobre el tema del abasto de agua de manera general, el presidente del Instituto Nacional de Recursos Hidr\u00e1ulicos, Antonio Rodr\u00edguez, inform\u00f3 que pr\u00f3ximamente estar\u00e1n arribando al pa\u00eds las 14 bombas que sustituir\u00e1n las que fueron afectadas por el hurac\u00e1n Ian a su paso por las provincias occidentales.<\/p>\n<p>El hurac\u00e1n Ian atraves\u00f3 el territorio pinare\u00f1o a fines de septiembre pasado con categor\u00eda tres en la escala Saffir-Simpson (de cinco) y provoc\u00f3 cuantiosos da\u00f1os en las redes de transmisi\u00f3n el\u00e9ctrica, comunicaciones, viviendas, instalaciones y en la agricultura.<\/p>\n<p><strong>Avanza en Cuba recuperaci\u00f3n en la base de Supertanqueros<\/strong><\/p>\n<p>El presidente de Cuba, Miguel D\u00edaz-Canel, conoci\u00f3 que se trabaja sin descanso para recuperar las afectaciones y transformar el entorno en la base de Supertanqueros de la occidental provincia de Matanzas.<\/p>\n<p>En el chequeo mensual sobre las acciones que realiza la m\u00e1xima direcci\u00f3n del pa\u00eds sobre el tema, se inform\u00f3 este s\u00e1bado que a poco m\u00e1s de ocho meses del incendio en esa zona, las labores de recuperaci\u00f3n est\u00e1n respaldadas por una inversi\u00f3n millonaria que incluye el orden tecnol\u00f3gico y urban\u00edstico.<\/p>\n<p>El mandatario de la isla insisti\u00f3 en la importancia de mejorar y ordenar all\u00ed el entorno, para que realmente en \u00e9l se aprecie que existe una zona industrial, seg\u00fan informaci\u00f3n publicada por el sitio web de la Presidencia de la isla.<\/p>\n<p>El director de la Divisi\u00f3n Territorial de Comercializaci\u00f3n de Combustibles Matanzas, Rigel Rodr\u00edguez, explic\u00f3 -a trav\u00e9s de videoconferencia- que se llevan a cabo labores de recuperaci\u00f3n en los sistemas de tuber\u00edas, de incendio, y de suministro de agua, en los talleres de mantenimiento, as\u00ed como en otras \u00e1reas y sistemas de la Base.<\/p>\n<p>Sobre la inversi\u00f3n para restaurar los tanques de almacenamiento de combustible, actualiz\u00f3 que el primero de ellos ya tiene la base fundida, y en los pr\u00f3ximos d\u00edas podr\u00e1n iniciarse en \u00e9l las etapas de pavimentaci\u00f3n y posteriormente de colocaci\u00f3n del acero.<\/p>\n<p>A su vez, detall\u00f3, se trabaja en la interconexi\u00f3n de las l\u00edneas tecnol\u00f3gicas de di\u00e9sel de los muelles a los tanques, y se ponen a punto las bombas del sistema contra incendios de la base de crudos y de suministros.<\/p>\n<p>Por su parte, el ministro de Energ\u00eda y Minas, Vicente de la O Levy, precis\u00f3 que se lleva a cabo un chequeo semanal que permite estar al tanto de los avances de la inversi\u00f3n y a su vez de los problemas que puedan irse presentando.<\/p>\n<p>Asimismo, el gobernador matancero, Mario Sabines Lorenzo, se\u00f1al\u00f3 que se ultiman detalles de 18 viviendas que ser\u00e1n entregadas en los pr\u00f3ximos d\u00edas a familias cuyos inmuebles fueron afectados por las llamas.<\/p>\n","protected":false},"excerpt":{"rendered":"<p>El presidente de Cuba, Miguel D\u00edaz-Canel, particip\u00f3 este s\u00e1bado en la evaluaci\u00f3n mensual para analizar las acciones de recuperaci\u00f3n tras el paso del hurac\u00e1n Ian y en la base de Supertanqueros de Matanzas.<\/p>\n","protected":false},"author":22,"featured_media":10732,"comment_status":"open","ping_status":"open","sticky":false,"template":"","format":"standard","meta":{"_acf_changed":false,"footnotes":""},"categories":[3,8],"tags":[162,368,28,195],"coauthors":[],"class_list":["post-10731","post","type-post","status-publish","format-standard","has-post-thumbnail","hentry","category-cuba","category-noticia","tag-base-de-supertanqueros","tag-huracan","tag-miguel-diaz-canel","tag-recuperacion"],"acf":[],"_links":{"self":[{"href":"https:\/\/www.radiosanctispiritus.cu\/es\/wp-json\/wp\/v2\/posts\/10731","targetHints":{"allow":["GET"]}}],"collection":[{"href":"https:\/\/www.radiosanctispiritus.cu\/es\/wp-json\/wp\/v2\/posts"}],"about":[{"href":"https:\/\/www.radiosanctispiritus.cu\/es\/wp-json\/wp\/v2\/types\/post"}],"author":[{"embeddable":true,"href":"https:\/\/www.radiosanctispiritus.cu\/es\/wp-json\/wp\/v2\/users\/22"}],"replies":[{"embeddable":true,"href":"https:\/\/www.radiosanctispiritus.cu\/es\/wp-json\/wp\/v2\/comments?post=10731"}],"version-history":[{"count":0,"href":"https:\/\/www.radiosanctispiritus.cu\/es\/wp-json\/wp\/v2\/posts\/10731\/revisions"}],"wp:featuredmedia":[{"embeddable":true,"href":"https:\/\/www.radiosanctispiritus.cu\/es\/wp-json\/wp\/v2\/media\/10732"}],"wp:attachment":[{"href":"https:\/\/www.radiosanctispiritus.cu\/es\/wp-json\/wp\/v2\/media?parent=10731"}],"wp:term":[{"taxonomy":"category","embeddable":true,"href":"https:\/\/www.radiosanctispiritus.cu\/es\/wp-json\/wp\/v2\/categories?post=10731"},{"taxonomy":"post_tag","embeddable":true,"href":"https:\/\/www.radiosanctispiritus.cu\/es\/wp-json\/wp\/v2\/tags?post=10731"},{"taxonomy":"author","embeddable":true,"href":"https:\/\/www.radiosanctispiritus.cu\/es\/wp-json\/wp\/v2\/coauthors?post=10731"}],"curies":[{"name":"wp","href":"https:\/\/api.w.org\/{rel}","templated":true}]}}