{"id":10725,"date":"2023-04-22T19:08:53","date_gmt":"2023-04-22T23:08:53","guid":{"rendered":"https:\/\/www.radiosanctispiritus.cu\/es\/?p=10725"},"modified":"2023-04-22T19:08:53","modified_gmt":"2023-04-22T23:08:53","slug":"premio-de-su-terruno-encierra-algo-especial-para-escritor-abel-hernandez","status":"publish","type":"post","link":"https:\/\/www.radiosanctispiritus.cu\/es\/premio-de-su-terruno-encierra-algo-especial-para-escritor-abel-hernandez\/","title":{"rendered":"Premio de su terru\u00f1o encierra algo especial para escritor Abel Hern\u00e1ndez"},"content":{"rendered":"<p>El escritor Abel Hern\u00e1ndez, residente en esta ciudad del centro de Cuba, posee varios galardones nacionales por su destacada obra, pero el Premio Anual Sendero de Luz de su terru\u00f1o tiene para \u00e9l un significado particular.<\/p>\n<p>En declaraciones a Prensa Latina, calific\u00f3 as\u00ed el reconocimiento reci\u00e9n recibido en la categor\u00eda de Premio Especial \u201cpor obtener el anual en varias ocasiones y porque es el que otorga la Red Provincial de Bibliotecas P\u00fablicas y la Biblioteca Rub\u00e9n Mart\u00ednez Villena de Sancti Sp\u00edritus\u201d.<\/p>\n<p>Para ello se basan en las estad\u00edsticas de usuarios o lectores que han le\u00eddo mis libros en el territorio y ese es el mejor reconocimiento que un creador literario puede recibir, la declaraci\u00f3n del p\u00fablico que considero como un agasajo de la popularidad, agreg\u00f3.<\/p>\n<p>Mi mayor anhelo ha sido siempre la comunicaci\u00f3n escritor-lector a trav\u00e9s de mis libros, aportar conocimientos a los ni\u00f1os y j\u00f3venes de Cuba, despertar la vocaci\u00f3n en algunos de ellos y movilizar sentimientos de amor por la naturaleza y la fauna, subray\u00f3.<\/p>\n<p>\u201cEso me hace sentir \u00fatil a la sociedad. Les estoy muy agradecido a las compa\u00f1eras de la Asociaci\u00f3n Cubana de Bibliotecarios (Ascubi) y de la Red de instituciones bibliotecarias en Sancti Sp\u00edritus por tenerme en cuenta\u201d, resalt\u00f3.<\/p>\n<p>El 30 de marzo \u00faltimo en la sala de Arte de la citada instituci\u00f3n cultural y en el marco del seminario-taller de promoci\u00f3n de la lectura recib\u00ed el Premio Anual Sendero de Luz, concluy\u00f3.<\/p>\n<p>Hern\u00e1ndez es miembro de la Uni\u00f3n de Escritores y Artistas de Cuba en el territorio y cuenta con seis premios nacionales de Literatura: Pinos Nuevos, La Edad de Oro, La Rosa Blanca (2002 y 2006), Puerta de Papel y Romance de la Ni\u00f1a Mala.<\/p>\n<p>Adem\u00e1s de bi\u00f3logo y m\u00e1ster en Ciencias de Ecolog\u00eda y Sistem\u00e1tica Aplicada, es espele\u00f3logo, investigador y delegado de la Fundaci\u00f3n Antonio N\u00fa\u00f1ez Jim\u00e9nez de la Naturaleza y El Hombre en Sancti Sp\u00edritus.<\/p>\n<p>Como escritor cultiva en particular la divulgaci\u00f3n cient\u00edfica para ni\u00f1os y j\u00f3venes, y entre sus obras m\u00e1s conocidas est\u00e1n Mam\u00edferos que vuelan, Siluetas en la noche, Joyas aladas, Las aves y t\u00fa, Tesoro verde, Algarab\u00eda en la floresta y Cuba, encuentro con la naturaleza.<\/p>\n<p>Mar\u00eda Antonieta Jim\u00e9nez, Historiadora de la Ciudad, y el reconocido escritor Julio M. Llanes tambi\u00e9n obtuvieron en varias ocasiones el Premio Sendero de Luz, por ubicarse entre los m\u00e1s le\u00eddos en esta zona central del pa\u00eds.<\/p>\n","protected":false},"excerpt":{"rendered":"<p>El escritor Abel Hern\u00e1ndez, residente en esta ciudad del centro de Cuba, posee varios galardones nacionales por su destacada obra, pero el Premio Anual Sendero de Luz de su terru\u00f1o tiene para \u00e9l un significado particular.<\/p>\n","protected":false},"author":22,"featured_media":10729,"comment_status":"open","ping_status":"open","sticky":false,"template":"","format":"standard","meta":{"_acf_changed":false,"footnotes":""},"categories":[6,8],"tags":[639,446],"coauthors":[],"class_list":["post-10725","post","type-post","status-publish","format-standard","has-post-thumbnail","hentry","category-cultura","category-noticia","tag-biblioteca","tag-literatura"],"acf":[],"_links":{"self":[{"href":"https:\/\/www.radiosanctispiritus.cu\/es\/wp-json\/wp\/v2\/posts\/10725","targetHints":{"allow":["GET"]}}],"collection":[{"href":"https:\/\/www.radiosanctispiritus.cu\/es\/wp-json\/wp\/v2\/posts"}],"about":[{"href":"https:\/\/www.radiosanctispiritus.cu\/es\/wp-json\/wp\/v2\/types\/post"}],"author":[{"embeddable":true,"href":"https:\/\/www.radiosanctispiritus.cu\/es\/wp-json\/wp\/v2\/users\/22"}],"replies":[{"embeddable":true,"href":"https:\/\/www.radiosanctispiritus.cu\/es\/wp-json\/wp\/v2\/comments?post=10725"}],"version-history":[{"count":0,"href":"https:\/\/www.radiosanctispiritus.cu\/es\/wp-json\/wp\/v2\/posts\/10725\/revisions"}],"wp:featuredmedia":[{"embeddable":true,"href":"https:\/\/www.radiosanctispiritus.cu\/es\/wp-json\/wp\/v2\/media\/10729"}],"wp:attachment":[{"href":"https:\/\/www.radiosanctispiritus.cu\/es\/wp-json\/wp\/v2\/media?parent=10725"}],"wp:term":[{"taxonomy":"category","embeddable":true,"href":"https:\/\/www.radiosanctispiritus.cu\/es\/wp-json\/wp\/v2\/categories?post=10725"},{"taxonomy":"post_tag","embeddable":true,"href":"https:\/\/www.radiosanctispiritus.cu\/es\/wp-json\/wp\/v2\/tags?post=10725"},{"taxonomy":"author","embeddable":true,"href":"https:\/\/www.radiosanctispiritus.cu\/es\/wp-json\/wp\/v2\/coauthors?post=10725"}],"curies":[{"name":"wp","href":"https:\/\/api.w.org\/{rel}","templated":true}]}}