{"id":10684,"date":"2023-04-21T19:23:56","date_gmt":"2023-04-21T23:23:56","guid":{"rendered":"https:\/\/www.radiosanctispiritus.cu\/es\/?p=10684"},"modified":"2023-04-21T19:23:56","modified_gmt":"2023-04-21T23:23:56","slug":"aporte-vietnamita-en-fabrica-de-detergente-y-parque-fotovoltaico-en-cuba","status":"publish","type":"post","link":"https:\/\/www.radiosanctispiritus.cu\/es\/aporte-vietnamita-en-fabrica-de-detergente-y-parque-fotovoltaico-en-cuba\/","title":{"rendered":"Aporte vietnamita en f\u00e1brica de detergente y parque fotovoltaico en Cuba"},"content":{"rendered":"<p>Esteban Lazo Hern\u00e1ndez y Vuong Dinh Hue, presidentes de los Parlamentos de Cuba y Vietnam, respectivamente, asistieron este viernes a la ceremonia de inauguraci\u00f3n de la F\u00e1brica de Detergentes Suchel TBV S.A. y del parque de energ\u00eda solar, ambos enclavados en la Zona Especial de Desarrollo Mariel (ZED Mariel).<\/p>\n<p>L\u00e1zaro Men\u00e9ndez O\u00f1a, gerente t\u00e9cnico de la f\u00e1brica mixta, precis\u00f3 que la f\u00e1brica reci\u00e9n inaugurada tiene la capacidad de producir 70 mil 000 toneladas (ton) al a\u00f1o de detergente en polvo, y alrededor de 20 mil 000 ton en formato l\u00edquido, que se destinar\u00e1n al mercado nacional y a la exportaci\u00f3n, inform\u00f3 el sitio del Parlamento cubano.<\/p>\n<p>En la ceremonia, Ana Teresita Gonz\u00e1lez Fraga, viceministra primera de Comercio Exterior y la Inversi\u00f3n Extranjera (Mincex), resalt\u00f3 que Vietnam constituye el pa\u00eds de Asia con mayor presencia en la ZED Mariel y actualmente cuenta con cinco negocios, cuyo capital comprometido supera los 160 millones de d\u00f3lares.<\/p>\n<p>A su vez, destac\u00f3 que las inversiones de empresas de la hermana naci\u00f3n asi\u00e1tica en sectores de las industrias ligera y agroalimentaria, y de las energ\u00edas renovables, tributan al prop\u00f3sito de que Vietnam, como socio estrat\u00e9gico de Cuba, participe de forma efectiva en su desarrollo econ\u00f3mico y social.<\/p>\n<p>Gonz\u00e1lez Fraga agreg\u00f3 que el grupo Thai Binh, socio comercial de la naci\u00f3n antillana durante m\u00e1s de 20 a\u00f1os, fue la primera empresa de la naci\u00f3n indochina que realiz\u00f3 inversiones en la mayor de Las Antillas.<\/p>\n<p>En la actualidad, Vietnam cuenta con tres negocios, todos enclavados en la ZED Mariel, para la producci\u00f3n de pa\u00f1ales desechables y otros art\u00edculos higi\u00e9nico-sanitarios, detergentes en polvo y l\u00edquidos, as\u00ed como un parque solar fotovoltaico con una potencia de 20 megawatts (MW), que ya entrega energ\u00eda al Sistema El\u00e9ctrico Nacional, agreg\u00f3.<\/p>\n<p>Vicente de La O Levy, ministro de Energ\u00eda y Minas, precis\u00f3 que el parque de energ\u00eda solar, con una potencia instalada de alrededor de 23 MW, posee tecnolog\u00eda de punta que incluye el seguimiento de la posici\u00f3n del Sol, permite un mejor aprovechamiento de la radiaci\u00f3n solar; y, por tanto, una mayor producci\u00f3n de electricidad.<\/p>\n<p>Este parque contribuir\u00e1 al ahorro de aproximadamente 10 mil ton de combustible f\u00f3sil al a\u00f1o, indic\u00f3 el titular del ramo.<\/p>\n<p>Durante la actividad se entreg\u00f3 simb\u00f3licamente un donativo consistente en 24 toneladas de detergente en polvo con destino al sistema de Salud de la provincia de Artemisa y otro de equipamiento para la generaci\u00f3n solar fotovoltaica con acumulaci\u00f3n para una potencia de cinco kilowatts hora (KWh) con destino al policl\u00ednico hospital de Mariel Orlando Santana.<\/p>\n<p>Lazo Hern\u00e1ndez y Dinh Hue, tras inaugurar la f\u00e1brica de detergentes con el tradicional corte de la cinta, recorrieron \u00e1reas de la instalaci\u00f3n, donde apreciaron parte del proceso productivo.<\/p>\n<p>Al cierre de la jornada, los titulares de los Parlamentos de ambos pa\u00edses, y sus respectivas delegaciones, presidieron la ceremonia de colocaci\u00f3n de la primera piedra de la segunda fase del parque industrial que desarrolla el concesionario ViMariel.<\/p>\n<p>Gonz\u00e1lez Fraga se\u00f1al\u00f3 que el concesionario ViMariel resulta el primero y \u00fanico establecido en la ZED Mariel, que avanza en el desarrollo de las infraestructuras de un \u00e1rea que debe erigirse como la puerta de entrada a Cuba y a la regi\u00f3n de nuevas inversiones vietnamitas y de otros pa\u00edses miembros de la Asociaci\u00f3n de Naciones del Sudeste Asi\u00e1tico (ASEAN).<\/p>\n<p>En el marco de esta actividad; Ricardo Concepci\u00f3n Rodr\u00edguez, gobernador de Artemisa; y Mai Hung Dung, vicepresidente permanente del Comit\u00e9 Popular de la provincia de Binh Duong, rubricaron una carta de intenci\u00f3n con vistas a promover iniciativas y el intercambio de experiencias entre ambas regiones, y desarrollar proyectos de cooperaci\u00f3n, especialmente en los campos de la econom\u00eda, cultura, educaci\u00f3n, salud e inversiones.<\/p>\n<p>La comitiva vietnamita anunci\u00f3 en el acto la entrega de un donativo de 50 toneladas de arroz.<\/p>\n","protected":false},"excerpt":{"rendered":"<p>Esteban Lazo Hern\u00e1ndez y Vuong Dinh Hue, presidentes de los Parlamentos de Cuba y Vietnam, respectivamente, asistieron este viernes a la ceremonia de inauguraci\u00f3n de la F\u00e1brica de Detergentes Suchel TBV S.A. y del parque de energ\u00eda solar, ambos enclavados en la Zona Especial de Desarrollo Mariel.<\/p>\n","protected":false},"author":123,"featured_media":10685,"comment_status":"open","ping_status":"open","sticky":false,"template":"","format":"standard","meta":{"_acf_changed":false,"footnotes":""},"categories":[3,8],"tags":[374,778,673,545,272],"coauthors":[],"class_list":["post-10684","post","type-post","status-publish","format-standard","has-post-thumbnail","hentry","category-cuba","category-noticia","tag-cuba-vietnam","tag-detergente","tag-energia-renovable","tag-mariel","tag-parlamento-cubano"],"acf":[],"_links":{"self":[{"href":"https:\/\/www.radiosanctispiritus.cu\/es\/wp-json\/wp\/v2\/posts\/10684","targetHints":{"allow":["GET"]}}],"collection":[{"href":"https:\/\/www.radiosanctispiritus.cu\/es\/wp-json\/wp\/v2\/posts"}],"about":[{"href":"https:\/\/www.radiosanctispiritus.cu\/es\/wp-json\/wp\/v2\/types\/post"}],"author":[{"embeddable":true,"href":"https:\/\/www.radiosanctispiritus.cu\/es\/wp-json\/wp\/v2\/users\/123"}],"replies":[{"embeddable":true,"href":"https:\/\/www.radiosanctispiritus.cu\/es\/wp-json\/wp\/v2\/comments?post=10684"}],"version-history":[{"count":0,"href":"https:\/\/www.radiosanctispiritus.cu\/es\/wp-json\/wp\/v2\/posts\/10684\/revisions"}],"wp:featuredmedia":[{"embeddable":true,"href":"https:\/\/www.radiosanctispiritus.cu\/es\/wp-json\/wp\/v2\/media\/10685"}],"wp:attachment":[{"href":"https:\/\/www.radiosanctispiritus.cu\/es\/wp-json\/wp\/v2\/media?parent=10684"}],"wp:term":[{"taxonomy":"category","embeddable":true,"href":"https:\/\/www.radiosanctispiritus.cu\/es\/wp-json\/wp\/v2\/categories?post=10684"},{"taxonomy":"post_tag","embeddable":true,"href":"https:\/\/www.radiosanctispiritus.cu\/es\/wp-json\/wp\/v2\/tags?post=10684"},{"taxonomy":"author","embeddable":true,"href":"https:\/\/www.radiosanctispiritus.cu\/es\/wp-json\/wp\/v2\/coauthors?post=10684"}],"curies":[{"name":"wp","href":"https:\/\/api.w.org\/{rel}","templated":true}]}}