{"id":10383,"date":"2023-04-14T22:58:33","date_gmt":"2023-04-15T02:58:33","guid":{"rendered":"https:\/\/www.radiosanctispiritus.cu\/es\/?p=10383"},"modified":"2023-04-14T22:58:33","modified_gmt":"2023-04-15T02:58:33","slug":"plan-maestro-de-la-oficina-del-conservador-apuesta-por-salvaguardar-patrimonio-edificado-de-sancti-spiritus","status":"publish","type":"post","link":"https:\/\/www.radiosanctispiritus.cu\/es\/plan-maestro-de-la-oficina-del-conservador-apuesta-por-salvaguardar-patrimonio-edificado-de-sancti-spiritus\/","title":{"rendered":"Plan Maestro de la Oficina del Conservador apuesta por salvaguardar patrimonio edificado de Sancti Sp\u00edritus"},"content":{"rendered":"<p>Mirar con detenimiento a la urbe, y en espec\u00edfico a sus edificaciones, resulta prioridad para el Plan Maestro de la Oficina del Conservador de la ciudad de Sancti Sp\u00edritus.<\/p>\n<audio class=\"wp-audio-shortcode\" id=\"audio-10383-1\" preload=\"none\" style=\"width: 100%;\" controls=\"controls\"><source type=\"audio\/mpeg\" src=\"https:\/\/www.ivoox.com\/lisandra-al-dia-14-4-23_md_106377112_wp_1.mp3?_=1\" \/><a href=\"https:\/\/www.ivoox.com\/lisandra-al-dia-14-4-23_md_106377112_wp_1.mp3\" target=\"_blank\" rel=\"noopener\">https:\/\/www.ivoox.com\/lisandra-al-dia-14-4-23_md_106377112_wp_1.mp3<\/a><\/audio>\n<p>&nbsp;<\/p>\n","protected":false},"excerpt":{"rendered":"<p>Mirar con detenimiento a la urbe, y en espec\u00edfico a sus edificaciones, resulta prioridad para el Plan Maestro de la Oficina del Conservador de la ciudad de Sancti Sp\u00edritus.<\/p>\n","protected":false},"author":12,"featured_media":10384,"comment_status":"open","ping_status":"open","sticky":false,"template":"","format":"standard","meta":{"_acf_changed":false,"footnotes":""},"categories":[6,9,8,1],"tags":[68,32],"coauthors":[],"class_list":["post-10383","post","type-post","status-publish","format-standard","has-post-thumbnail","hentry","category-cultura","category-en-audio","category-noticia","category-sancti-spiritus","tag-oficina-del-conservador-de-la-ciudad-de-sancti-spiritus","tag-patrimonio"],"acf":[],"_links":{"self":[{"href":"https:\/\/www.radiosanctispiritus.cu\/es\/wp-json\/wp\/v2\/posts\/10383","targetHints":{"allow":["GET"]}}],"collection":[{"href":"https:\/\/www.radiosanctispiritus.cu\/es\/wp-json\/wp\/v2\/posts"}],"about":[{"href":"https:\/\/www.radiosanctispiritus.cu\/es\/wp-json\/wp\/v2\/types\/post"}],"author":[{"embeddable":true,"href":"https:\/\/www.radiosanctispiritus.cu\/es\/wp-json\/wp\/v2\/users\/12"}],"replies":[{"embeddable":true,"href":"https:\/\/www.radiosanctispiritus.cu\/es\/wp-json\/wp\/v2\/comments?post=10383"}],"version-history":[{"count":0,"href":"https:\/\/www.radiosanctispiritus.cu\/es\/wp-json\/wp\/v2\/posts\/10383\/revisions"}],"wp:featuredmedia":[{"embeddable":true,"href":"https:\/\/www.radiosanctispiritus.cu\/es\/wp-json\/wp\/v2\/media\/10384"}],"wp:attachment":[{"href":"https:\/\/www.radiosanctispiritus.cu\/es\/wp-json\/wp\/v2\/media?parent=10383"}],"wp:term":[{"taxonomy":"category","embeddable":true,"href":"https:\/\/www.radiosanctispiritus.cu\/es\/wp-json\/wp\/v2\/categories?post=10383"},{"taxonomy":"post_tag","embeddable":true,"href":"https:\/\/www.radiosanctispiritus.cu\/es\/wp-json\/wp\/v2\/tags?post=10383"},{"taxonomy":"author","embeddable":true,"href":"https:\/\/www.radiosanctispiritus.cu\/es\/wp-json\/wp\/v2\/coauthors?post=10383"}],"curies":[{"name":"wp","href":"https:\/\/api.w.org\/{rel}","templated":true}]}}