{"id":10301,"date":"2023-04-12T23:03:58","date_gmt":"2023-04-13T03:03:58","guid":{"rendered":"https:\/\/www.radiosanctispiritus.cu\/es\/?p=10301"},"modified":"2023-04-12T23:04:24","modified_gmt":"2023-04-13T03:04:24","slug":"cuba-por-garantizar-un-ejercicio-del-derecho-mas-agil-transparente-y-popular","status":"publish","type":"post","link":"https:\/\/www.radiosanctispiritus.cu\/es\/cuba-por-garantizar-un-ejercicio-del-derecho-mas-agil-transparente-y-popular\/","title":{"rendered":"Cuba por garantizar un ejercicio del derecho m\u00e1s \u00e1gil, transparente y popular"},"content":{"rendered":"<p>A incrementar esfuerzos en pos de garantizar un ejercicio del derecho m\u00e1s \u00e1gil, transparente y popular convoc\u00f3 este mi\u00e9rcoles Manuel Marrero Cruz, miembro del Buro Pol\u00edtico del Partido Comunista de Cuba y Primer Ministro de la Rep\u00fablica, en su intervenci\u00f3n en el balance anual del Ministerio de Justicia (Minjus) realizado en La Habana.<\/p>\n<p>La reuni\u00f3n estuvo precedida por encuentros de las direcciones municipales y provinciales del organismo en los territorios, lo cual permiti\u00f3 contar con un an\u00e1lisis pormenorizado de los avances, deficiencias y proyecciones de trabajo para el 2023, adem\u00e1s de los principales desaf\u00edos y fortalezas identificadas en las bases.<\/p>\n<p>En este sentido, Marrero Cruz indic\u00f3 como prioridades para el sector la labor educativa para ampliar la cultura jur\u00eddica de la poblaci\u00f3n, insistir en la digitalizaci\u00f3n de procesos, notar\u00edas y registros, conforme a la informatizaci\u00f3n de la sociedad, y elevar la exigencia en lo relacionado con la disciplina, sensibilidad y \u00e9tica profesional de los juristas.<\/p>\n<p>Como puntos importantes destac\u00f3 tambi\u00e9n el velar por la correcta implementaci\u00f3n, seguimiento y control de las nuevas normativas aprobadas en el pa\u00eds y reducir en la medida de lo posible la carga de tr\u00e1mites que recaen en la cotidianeidad del pueblo.<\/p>\n<p>El jefe de gobierno insisti\u00f3 a su vez en la preparaci\u00f3n de los cuadros encargados de dar cumplimiento a las tareas asignadas y en el trabajo con los j\u00f3venes con potencialidades para ocupar puestos directivos, asuntos en los cuales calific\u00f3 a la entidad en cuesti\u00f3n como un ministerio de referencia.<\/p>\n<p>Ante el reciente dictamen de la Alta Corte de Inglaterra y Gales de no reconocer al fondo buitre CFR I Limited como acreedor del Estado cubano, Marrero elogi\u00f3 el proceder, compromiso y apego a la verdad de los representantes de la mayor de las Antillas en ese litigio, aunque afirm\u00f3 que este hecho es un llamado a evaluar las vulnerabilidades del sector, conscientes de que cada error ser\u00e1 utilizado por los enemigos de la Revoluci\u00f3n en su intento de desacreditar el proyecto socialista.<\/p>\n<p>Toca ahora aplicar creatividad a los problemas, buscar alternativas y soluciones, enfrentar las trabas y el burocratismo y hacer cosas distintas, ante el complejo escenario actual, para estar a la altura del anhelo de que 2023 sea un a\u00f1o mejor para los habitantes de la naci\u00f3n caribe\u00f1a, agreg\u00f3.<\/p>\n<p>Durante el espacio, Oscar Silvera Mart\u00ednez, ministro de Justicia, detall\u00f3 sobre el desempe\u00f1o del Minjus en el per\u00edodo anterior en el cual se aprobaron un grupo de leyes, en correspondencia con el cronograma legislativo, y se traslad\u00f3 al entorno digital una cifra importante de asuntos.<\/p>\n<p>El titular se refiri\u00f3 asimismo a aquellas normativas pendientes de ser ratificadas en la pr\u00f3xima Legislatura de la Asamblea Nacional del Poder Popular como las concernientes a migraci\u00f3n interna, procedimiento administrativo, vivienda, transparencia y acceso a la informaci\u00f3n e informaci\u00f3n p\u00fablica y la comunicaci\u00f3n social, entre otras dirigidas a fortalecer el Estado de Derecho y la legalidad socialista.<\/p>\n<p>A la cita asistieron tambi\u00e9n Yamilet Pe\u00f1a Ojeda, fiscal general de la Rep\u00fablica, Rub\u00e9n Remigio Ferro, presidente del Tribunal Supremo Popular, y otras autoridades del Partido Comunista de Cuba, el Gobierno y el ramo jur\u00eddico.<\/p>\n","protected":false},"excerpt":{"rendered":"<p>A incrementar esfuerzos en pos de garantizar un ejercicio del derecho m\u00e1s \u00e1gil, transparente y popular convoc\u00f3 este mi\u00e9rcoles Manuel Marrero Cruz, Primer Ministro de la Rep\u00fablica, en su intervenci\u00f3n en el balance anual del Ministerio de Justicia.<\/p>\n","protected":false},"author":123,"featured_media":10302,"comment_status":"open","ping_status":"open","sticky":false,"template":"","format":"standard","meta":{"_acf_changed":false,"footnotes":""},"categories":[3,8],"tags":[537,279,56,55],"coauthors":[],"class_list":["post-10301","post","type-post","status-publish","format-standard","has-post-thumbnail","hentry","category-cuba","category-noticia","tag-derecho","tag-justicia","tag-manuel-marrero","tag-primer-ministro-de-cuba"],"acf":[],"_links":{"self":[{"href":"https:\/\/www.radiosanctispiritus.cu\/es\/wp-json\/wp\/v2\/posts\/10301","targetHints":{"allow":["GET"]}}],"collection":[{"href":"https:\/\/www.radiosanctispiritus.cu\/es\/wp-json\/wp\/v2\/posts"}],"about":[{"href":"https:\/\/www.radiosanctispiritus.cu\/es\/wp-json\/wp\/v2\/types\/post"}],"author":[{"embeddable":true,"href":"https:\/\/www.radiosanctispiritus.cu\/es\/wp-json\/wp\/v2\/users\/123"}],"replies":[{"embeddable":true,"href":"https:\/\/www.radiosanctispiritus.cu\/es\/wp-json\/wp\/v2\/comments?post=10301"}],"version-history":[{"count":0,"href":"https:\/\/www.radiosanctispiritus.cu\/es\/wp-json\/wp\/v2\/posts\/10301\/revisions"}],"wp:featuredmedia":[{"embeddable":true,"href":"https:\/\/www.radiosanctispiritus.cu\/es\/wp-json\/wp\/v2\/media\/10302"}],"wp:attachment":[{"href":"https:\/\/www.radiosanctispiritus.cu\/es\/wp-json\/wp\/v2\/media?parent=10301"}],"wp:term":[{"taxonomy":"category","embeddable":true,"href":"https:\/\/www.radiosanctispiritus.cu\/es\/wp-json\/wp\/v2\/categories?post=10301"},{"taxonomy":"post_tag","embeddable":true,"href":"https:\/\/www.radiosanctispiritus.cu\/es\/wp-json\/wp\/v2\/tags?post=10301"},{"taxonomy":"author","embeddable":true,"href":"https:\/\/www.radiosanctispiritus.cu\/es\/wp-json\/wp\/v2\/coauthors?post=10301"}],"curies":[{"name":"wp","href":"https:\/\/api.w.org\/{rel}","templated":true}]}}