{"id":10153,"date":"2023-04-07T23:38:02","date_gmt":"2023-04-08T03:38:02","guid":{"rendered":"https:\/\/www.radiosanctispiritus.cu\/es\/?p=10153"},"modified":"2023-04-07T23:38:02","modified_gmt":"2023-04-08T03:38:02","slug":"pescasilda-busca-estrategias-para-elevar-niveles-de-captura","status":"publish","type":"post","link":"https:\/\/www.radiosanctispiritus.cu\/es\/pescasilda-busca-estrategias-para-elevar-niveles-de-captura\/","title":{"rendered":"PESCASILDA busca estrategias para elevar niveles de captura"},"content":{"rendered":"<p>El d\u00eda del trabajador de la industria pesquera fijado cada a\u00f1o para el ocho de abril marc\u00f3 una pauta en la Unidad Empresarial de Base PESCASILDA, donde los hombres de salitre y sol conocieron sobre las estrategias que se materializan para garantizar niveles productivos m\u00e1s altos.<\/p>\n<audio class=\"wp-audio-shortcode\" id=\"audio-10153-1\" preload=\"none\" style=\"width: 100%;\" controls=\"controls\"><source type=\"audio\/mpeg\" src=\"https:\/\/www.ivoox.com\/juan-carlos-naranjo-al-dia-7-4-23_md_105955553_wp_1.mp3?_=1\" \/><a href=\"https:\/\/www.ivoox.com\/juan-carlos-naranjo-al-dia-7-4-23_md_105955553_wp_1.mp3\" target=\"_blank\" rel=\"noopener\">https:\/\/www.ivoox.com\/juan-carlos-naranjo-al-dia-7-4-23_md_105955553_wp_1.mp3<\/a><\/audio>\n<p>&nbsp;<\/p>\n","protected":false},"excerpt":{"rendered":"<p>El d\u00eda del trabajador de la industria pesquera fijado cada a\u00f1o para el ocho de abril marc\u00f3 una pauta en la Unidad Empresarial de Base PESCASILDA, donde los hombres de salitre y sol conocieron sobre las estrategias que se materializan para garantizar niveles productivos m\u00e1s altos.<\/p>\n","protected":false},"author":145,"featured_media":10154,"comment_status":"open","ping_status":"open","sticky":false,"template":"","format":"standard","meta":{"_acf_changed":false,"footnotes":""},"categories":[16,9,8,1],"tags":[758,757,54],"coauthors":[],"class_list":["post-10153","post","type-post","status-publish","format-standard","has-post-thumbnail","hentry","category-economia","category-en-audio","category-noticia","category-sancti-spiritus","tag-pesca","tag-pescasilda","tag-trinidad-de-cuba"],"acf":[],"_links":{"self":[{"href":"https:\/\/www.radiosanctispiritus.cu\/es\/wp-json\/wp\/v2\/posts\/10153","targetHints":{"allow":["GET"]}}],"collection":[{"href":"https:\/\/www.radiosanctispiritus.cu\/es\/wp-json\/wp\/v2\/posts"}],"about":[{"href":"https:\/\/www.radiosanctispiritus.cu\/es\/wp-json\/wp\/v2\/types\/post"}],"author":[{"embeddable":true,"href":"https:\/\/www.radiosanctispiritus.cu\/es\/wp-json\/wp\/v2\/users\/145"}],"replies":[{"embeddable":true,"href":"https:\/\/www.radiosanctispiritus.cu\/es\/wp-json\/wp\/v2\/comments?post=10153"}],"version-history":[{"count":0,"href":"https:\/\/www.radiosanctispiritus.cu\/es\/wp-json\/wp\/v2\/posts\/10153\/revisions"}],"wp:featuredmedia":[{"embeddable":true,"href":"https:\/\/www.radiosanctispiritus.cu\/es\/wp-json\/wp\/v2\/media\/10154"}],"wp:attachment":[{"href":"https:\/\/www.radiosanctispiritus.cu\/es\/wp-json\/wp\/v2\/media?parent=10153"}],"wp:term":[{"taxonomy":"category","embeddable":true,"href":"https:\/\/www.radiosanctispiritus.cu\/es\/wp-json\/wp\/v2\/categories?post=10153"},{"taxonomy":"post_tag","embeddable":true,"href":"https:\/\/www.radiosanctispiritus.cu\/es\/wp-json\/wp\/v2\/tags?post=10153"},{"taxonomy":"author","embeddable":true,"href":"https:\/\/www.radiosanctispiritus.cu\/es\/wp-json\/wp\/v2\/coauthors?post=10153"}],"curies":[{"name":"wp","href":"https:\/\/api.w.org\/{rel}","templated":true}]}}